{"id":763,"date":"2021-08-25T17:14:39","date_gmt":"2021-08-25T15:14:39","guid":{"rendered":"https:\/\/actualites.publier74.org\/?p=763"},"modified":"2022-02-12T10:31:17","modified_gmt":"2022-02-12T09:31:17","slug":"le-csap","status":"publish","type":"post","link":"https:\/\/actualites.publier74.org\/index.php\/763\/le-csap\/","title":{"rendered":"Le CSAP"},"content":{"rendered":"\t\t<div data-elementor-type=\"wp-post\" data-elementor-id=\"763\" class=\"elementor elementor-763\" data-elementor-settings=\"[]\">\n\t\t\t\t\t\t\t<div class=\"elementor-section-wrap\">\n\t\t\t\t\t\t\t<section class=\"elementor-section elementor-top-section elementor-element elementor-element-b9beb78 elementor-section-boxed elementor-section-height-default elementor-section-height-default\" data-id=\"b9beb78\" data-element_type=\"section\">\n\t\t\t\t\t\t<div class=\"elementor-container elementor-column-gap-default\">\n\t\t\t\t\t<div class=\"elementor-column elementor-col-100 elementor-top-column elementor-element elementor-element-71ce7f3\" data-id=\"71ce7f3\" data-element_type=\"column\">\n\t\t\t<div class=\"elementor-widget-wrap elementor-element-populated\">\n\t\t\t\t\t\t\t\t<div class=\"elementor-element elementor-element-6d8ad14 elementor-widget elementor-widget-heading\" data-id=\"6d8ad14\" data-element_type=\"widget\" data-widget_type=\"heading.default\">\n\t\t\t\t<div class=\"elementor-widget-container\">\n\t\t\t<style>\/*! elementor - v3.5.6 - 28-02-2022 *\/\n.elementor-heading-title{padding:0;margin:0;line-height:1}.elementor-widget-heading .elementor-heading-title[class*=elementor-size-]>a{color:inherit;font-size:inherit;line-height:inherit}.elementor-widget-heading .elementor-heading-title.elementor-size-small{font-size:15px}.elementor-widget-heading .elementor-heading-title.elementor-size-medium{font-size:19px}.elementor-widget-heading .elementor-heading-title.elementor-size-large{font-size:29px}.elementor-widget-heading .elementor-heading-title.elementor-size-xl{font-size:39px}.elementor-widget-heading .elementor-heading-title.elementor-size-xxl{font-size:59px}<\/style><h2 class=\"elementor-heading-title elementor-size-default\">Historique du CSAP<\/h2>\t\t<\/div>\n\t\t\t\t<\/div>\n\t\t\t\t\t<\/div>\n\t\t<\/div>\n\t\t\t\t\t\t\t<\/div>\n\t\t<\/section>\n\t\t\t\t<section class=\"elementor-section elementor-top-section elementor-element elementor-element-80e1113 elementor-section-boxed elementor-section-height-default elementor-section-height-default\" data-id=\"80e1113\" data-element_type=\"section\">\n\t\t\t\t\t\t<div class=\"elementor-container elementor-column-gap-default\">\n\t\t\t\t\t<div class=\"elementor-column elementor-col-100 elementor-top-column elementor-element elementor-element-35fca1b\" data-id=\"35fca1b\" data-element_type=\"column\">\n\t\t\t<div class=\"elementor-widget-wrap elementor-element-populated\">\n\t\t\t\t\t\t\t\t<div class=\"elementor-element elementor-element-c792dae elementor-widget elementor-widget-text-editor\" data-id=\"c792dae\" data-element_type=\"widget\" data-widget_type=\"text-editor.default\">\n\t\t\t\t<div class=\"elementor-widget-container\">\n\t\t\t<style>\/*! elementor - v3.5.6 - 28-02-2022 *\/\n.elementor-widget-text-editor.elementor-drop-cap-view-stacked .elementor-drop-cap{background-color:#818a91;color:#fff}.elementor-widget-text-editor.elementor-drop-cap-view-framed .elementor-drop-cap{color:#818a91;border:3px solid;background-color:transparent}.elementor-widget-text-editor:not(.elementor-drop-cap-view-default) .elementor-drop-cap{margin-top:8px}.elementor-widget-text-editor:not(.elementor-drop-cap-view-default) .elementor-drop-cap-letter{width:1em;height:1em}.elementor-widget-text-editor .elementor-drop-cap{float:left;text-align:center;line-height:1;font-size:50px}.elementor-widget-text-editor .elementor-drop-cap-letter{display:inline-block}<\/style>\t\t\t\t<p>Le Club Sportif Amphion\u2013Publier (<a href=\"https:\/\/associations.publier74.org\/les-associations-de-publier\/sports-danses\/cs-amphion-publier\/\" target=\"_blank\" rel=\"noopener\">CSAP<\/a>) a pour objet social la pratique du football depuis bient\u00f4t 80 ans.<br \/>En 2020 il comptait 322 licenci\u00e9s, dont 103 publi\u00e9rains, r\u00e9partis dans toutes les cat\u00e9gories d\u2019\u00e2ges, de l\u2019\u00e9cole de foot aux v\u00e9t\u00e9rans.<br \/>L\u2019\u00e9quipe 1\u00e8re \u00e9volue en fonction de son classement, entre l\u2019\u00e9chelon d\u00e9partemental et r\u00e9gional.<\/p><p>Le CSAP b\u00e9n\u00e9ficie d&rsquo;un soutien important de la collectivit\u00e9 par :<\/p><p style=\"padding-left: 40px;\">&#8211; \u00a0la mise \u00e0 disposition exclusive du stade F. DAVID avec ses 3 terrains et son vestiaire,<br \/>&#8211; \u00a0l\u2019entretien des terrains,<br \/>&#8211; \u00a0une subvention municipale annuelle.<\/p><p>Le club assure essentiellement les charges li\u00e9es \u00e0 la pratique du football. Tous les autres frais de fonctionnement sont pris en charge par la collectivit\u00e9:<\/p><p style=\"padding-left: 40px;\">&#8211; eau et \u00e9lectricit\u00e9<br \/>&#8211; \u00e9quipements, \u00e9clairage du stade, vestiaires, mat\u00e9riels (en 2017 la ville de Publier a fait l&rsquo;acquisition d&rsquo;une tondeuse d\u00e9di\u00e9e aux terrains de foot pour la somme de 60.000 \u20ac)<br \/>&#8211; entretien permanent des terrains : tontes, tra\u00e7ages, arrosages\u2026 \u00a0<\/p><p>Il convient par ailleurs de rappeler les co\u00fbts de restructuration du stade Fernand DAVID pour un seul terrain et ses vestiaires, son club house (2.070.187.00 \u20ac en 2012), et le co\u00fbt du changement du terrain synth\u00e9tique (300.000.00\u20ac en 2016)<\/p><p>Les travaux qui sont aujourd\u2019hui en grande partie pris en charge par la commune,\u00a0\u00e9taient auparavant conc\u00e9d\u00e9s \u00e0 une entreprise priv\u00e9e qui facturait \u00e0 la commune sa prestation annuelle \u00e0 42.000.00\u20ac.<br \/>Cependant, certaines op\u00e9rations annuelles sont toujours,\u00a0\u00e0 ce jour,\u00a0attribu\u00e9es au priv\u00e9 du fait de leur technicit\u00e9 et des mat\u00e9riels sp\u00e9cifiques \u00e0 utiliser: a\u00e9ration, scarification, d\u00e9compactage, d\u00e9feutrage, carottage, sablage etc\u2026<\/p><p>Il est donc compr\u00e9hensible que la nouvelle municipalit\u00e9 ait manifest\u00e9 le souhait de conna\u00eetre la r\u00e9alit\u00e9 des co\u00fbts du Club et d&rsquo;exiger un minimum de rigueur dans sa gestion.<\/p>\t\t\t\t\t\t<\/div>\n\t\t\t\t<\/div>\n\t\t\t\t\t<\/div>\n\t\t<\/div>\n\t\t\t\t\t\t\t<\/div>\n\t\t<\/section>\n\t\t\t\t<section class=\"elementor-section elementor-top-section elementor-element elementor-element-1a3906a elementor-section-boxed elementor-section-height-default elementor-section-height-default\" data-id=\"1a3906a\" data-element_type=\"section\">\n\t\t\t\t\t\t<div class=\"elementor-container elementor-column-gap-default\">\n\t\t\t\t\t<div class=\"elementor-column elementor-col-100 elementor-top-column elementor-element elementor-element-e825936\" data-id=\"e825936\" data-element_type=\"column\">\n\t\t\t<div class=\"elementor-widget-wrap elementor-element-populated\">\n\t\t\t\t\t\t\t\t<div class=\"elementor-element elementor-element-99a3f7c elementor-widget elementor-widget-text-editor\" data-id=\"99a3f7c\" data-element_type=\"widget\" data-widget_type=\"text-editor.default\">\n\t\t\t\t<div class=\"elementor-widget-container\">\n\t\t\t\t\t\t\t<p><em>Par ailleurs, il n\u2019existe aucun projet de b\u00e9tonisation du secteur et de destruction des terrains. La r\u00e9alit\u00e9, c&rsquo;est que le projet de r\u00e9habilitation du groupe scolaire St Exup\u00e9ry n\u00e9cessite de s\u00e9curiser les acc\u00e8s au futur \u00e9tablissement en excluant toute desserte par la RD 1005 dont tout le monde reconnait la dangerosit\u00e9. Ce chantier, encore au stade d\u2019\u00e9tude, est donc en cours de r\u00e9vision, afin d&rsquo;organiser les acc\u00e8s au Nord, c&rsquo;est-\u00e0-dire en limite du terrain d&rsquo;honneur, et d&rsquo;inclure l&rsquo;implantation d&rsquo;une cr\u00e8che pour permettre aux parents de d\u00e9poser leurs enfants en totale s\u00e9curit\u00e9 et de limiter leurs d\u00e9placements.<\/em><\/p>\t\t\t\t\t\t<\/div>\n\t\t\t\t<\/div>\n\t\t\t\t\t<\/div>\n\t\t<\/div>\n\t\t\t\t\t\t\t<\/div>\n\t\t<\/section>\n\t\t\t\t<section class=\"elementor-section elementor-top-section elementor-element elementor-element-f33c3c4 elementor-section-boxed elementor-section-height-default elementor-section-height-default\" data-id=\"f33c3c4\" data-element_type=\"section\">\n\t\t\t\t\t\t<div class=\"elementor-container elementor-column-gap-default\">\n\t\t\t\t\t<div class=\"elementor-column elementor-col-100 elementor-top-column elementor-element elementor-element-bf76bbe\" data-id=\"bf76bbe\" data-element_type=\"column\">\n\t\t\t<div class=\"elementor-widget-wrap elementor-element-populated\">\n\t\t\t\t\t\t\t\t<div class=\"elementor-element elementor-element-5b24d42 elementor-widget elementor-widget-heading\" data-id=\"5b24d42\" data-element_type=\"widget\" data-widget_type=\"heading.default\">\n\t\t\t\t<div class=\"elementor-widget-container\">\n\t\t\t<h2 class=\"elementor-heading-title elementor-size-default\">CSAP - ETG<\/h2>\t\t<\/div>\n\t\t\t\t<\/div>\n\t\t\t\t\t<\/div>\n\t\t<\/div>\n\t\t\t\t\t\t\t<\/div>\n\t\t<\/section>\n\t\t\t\t<section class=\"elementor-section elementor-top-section elementor-element elementor-element-0f22968 elementor-section-boxed elementor-section-height-default elementor-section-height-default\" data-id=\"0f22968\" data-element_type=\"section\">\n\t\t\t\t\t\t<div class=\"elementor-container elementor-column-gap-default\">\n\t\t\t\t\t<div class=\"elementor-column elementor-col-100 elementor-top-column elementor-element elementor-element-de0db27\" data-id=\"de0db27\" data-element_type=\"column\">\n\t\t\t<div class=\"elementor-widget-wrap elementor-element-populated\">\n\t\t\t\t\t\t\t\t<div class=\"elementor-element elementor-element-0acf4e7 elementor-widget elementor-widget-text-editor\" data-id=\"0acf4e7\" data-element_type=\"widget\" data-widget_type=\"text-editor.default\">\n\t\t\t\t<div class=\"elementor-widget-container\">\n\t\t\t\t\t\t\t<p>Il convient de rappeler que c\u2019est gr\u00e2ce l\u2019<a href=\"https:\/\/fr.wikipedia.org\/wiki\/Thonon_%C3%89vian_Grand_Gen%C3%A8ve_Football_Club\" target=\"_blank\" rel=\"noopener\">ETG<\/a> et \u00e0 l\u2019\u00e9ph\u00e9m\u00e8re groupement des U19, U17, U15 que le CSAP a vu d\u00e8s 2016 sa subvention doubl\u00e9e en tant que structure support du \u00ab groupement \u00bb<\/p><p>Voici d\u2019ailleurs ce qu\u2019\u00e9crivait en mars 2011, G. Lacroix, Maire de l\u2019\u00e9poque,\u00a0\u00e0 toutes les instances nationales, r\u00e9gionales et d\u00e9partementales,\u00a0sur l\u2019\u00e9volution du club local : \u00ab <em>le CSAP a bien compris les facteurs clefs de succ\u00e8s d\u2019un club associatif qui doit grandir dans le sillage du club professionnel \u2026 qu\u2019est l\u2019ETG afin, comme but affich\u00e9, de devenir le club amateur du Chablais\u2026<\/em> \u00bb.<\/p><p>C\u2019est aussi en 2011, que le m\u00eame Maire signait un courrier pour la restructuration du stade F. David et la construction de vestiaires, indiquant que \u00ab <em>la commune agissait en concertation avec les deux clubs, ETG et CSAP, pour r\u00e9am\u00e9nager compl\u00e9tement le stade\u2026<\/em> \u00bb justifiant cette d\u00e9marche par la fin de la mise \u00e0 disposition des terrains du conservatoire du littoral en juin 2012 \u00e0 l\u2019ETG et pr\u00e9cisant \u00ab <em>qu\u2019il \u00e9tait certain que l\u2019ETG utilisera r\u00e9guli\u00e8rement les nouvelles installations du stade F. David, que ce soit pour le centre de formation, l\u2019\u00e9quipe 2, au cours de match ou encore pour l\u2019entrainement des seniors\u2026 sans parler des \u00e9quipes jeunes.<\/em> \u00bb.<\/p><p>Ou encore ce passage dans le m\u00eame dossier que : \u00ab <em>la s\u00e9curisation de l\u2019acc\u00e8s a \u00e9galement \u00e9t\u00e9 repens\u00e9e avec un acc\u00e8s depuis une voie communale et non plus par la route d\u00e9partementale (Ex-RN5) tr\u00e8s fr\u00e9quent\u00e9e.<\/em> \u00bb<\/p><p><strong>C\u2019est cette m\u00eame s\u00e9curit\u00e9 que nous voulons \u00e9videmment pour les enfants des \u00e9coles.<\/strong><\/p>\t\t\t\t\t\t<\/div>\n\t\t\t\t<\/div>\n\t\t\t\t\t<\/div>\n\t\t<\/div>\n\t\t\t\t\t\t\t<\/div>\n\t\t<\/section>\n\t\t\t\t<section class=\"elementor-section elementor-top-section elementor-element elementor-element-8cf977d elementor-section-boxed elementor-section-height-default elementor-section-height-default\" data-id=\"8cf977d\" data-element_type=\"section\">\n\t\t\t\t\t\t<div class=\"elementor-container elementor-column-gap-default\">\n\t\t\t\t\t<div class=\"elementor-column elementor-col-100 elementor-top-column elementor-element elementor-element-e87dfdb\" data-id=\"e87dfdb\" data-element_type=\"column\">\n\t\t\t<div class=\"elementor-widget-wrap elementor-element-populated\">\n\t\t\t\t\t\t\t\t<div class=\"elementor-element elementor-element-4b50784 elementor-widget elementor-widget-heading\" data-id=\"4b50784\" data-element_type=\"widget\" data-widget_type=\"heading.default\">\n\t\t\t\t<div class=\"elementor-widget-container\">\n\t\t\t<h2 class=\"elementor-heading-title elementor-size-default\">L\u2019envol\u00e9e de la subvention communale.<\/h2>\t\t<\/div>\n\t\t\t\t<\/div>\n\t\t\t\t\t<\/div>\n\t\t<\/div>\n\t\t\t\t\t\t\t<\/div>\n\t\t<\/section>\n\t\t\t\t<section class=\"elementor-section elementor-top-section elementor-element elementor-element-4a1a0ee elementor-section-boxed elementor-section-height-default elementor-section-height-default\" data-id=\"4a1a0ee\" data-element_type=\"section\">\n\t\t\t\t\t\t<div class=\"elementor-container elementor-column-gap-default\">\n\t\t\t\t\t<div class=\"elementor-column elementor-col-100 elementor-top-column elementor-element elementor-element-39f8408\" data-id=\"39f8408\" data-element_type=\"column\">\n\t\t\t<div class=\"elementor-widget-wrap elementor-element-populated\">\n\t\t\t\t\t\t\t\t<div class=\"elementor-element elementor-element-91af1fc elementor-widget elementor-widget-text-editor\" data-id=\"91af1fc\" data-element_type=\"widget\" data-widget_type=\"text-editor.default\">\n\t\t\t\t<div class=\"elementor-widget-container\">\n\t\t\t\t\t\t\t<p>Apr\u00e8s avoir directement financ\u00e9 l\u2019ETG en 2011 (80.000 \u20ac), 2012 (60.000 \u20ac), 2013 (50.000 \u20ac), la commune cessera brusquement de maintenir son soutien aux \u00e9quipes jeunes de l\u2019ETG d\u00e8s 2014. Elle versera alors son aide \u00e0 une structure cr\u00e9\u00e9e ex nihilo en lien avec le CSAP: le groupement Evian-Publier-Thonon.<br \/>Ce groupement, issu d\u2019une r\u00e9flexion men\u00e9e par le CSAP d\u00e8s 2011 par son Pr\u00e9sident de l\u2019\u00e9poque A. RUFFIN, trouvera ainsi les moyens de son fonctionnement lors du transfert des subventions de l\u2019ETG \u00e0 la fin de l\u2019\u00e8re <a href=\"https:\/\/fr.wikipedia.org\/wiki\/Patrick_Trotignon\" target=\"_blank\" rel=\"noopener\">TROTIGNON<\/a> vers le CSAP. Mais seule la Commune de PUBLIER financera cette structure qui disparaitra rapidement, \u00e0 l\u2019issue de la liquidation de l\u2019ETG. <br \/>\u00c0 noter que l\u2019ambition initiale de ce groupement \u00e9tait \u00ab d\u2019intercommunaliser \u00bb la formation des jeunes pour une meilleure qualit\u00e9 d\u2019apprentissage du football. C&rsquo;est exactement ce qui se met en place aujourd\u2019hui avec l\u2019ETG GG que plusieurs clubs locaux viennent de rejoindre alors que le CSAP privil\u00e9gie un repli sur lui-m\u00eame tout en conservant les subsides qui auraient d\u00fb concourir \u00e0 l\u2019\u00e9mergence du club amateur phare du Chablais.<\/p>\t\t\t\t\t\t<\/div>\n\t\t\t\t<\/div>\n\t\t\t\t\t<\/div>\n\t\t<\/div>\n\t\t\t\t\t\t\t<\/div>\n\t\t<\/section>\n\t\t\t\t\t\t<\/div>\n\t\t\t\t\t<\/div>\n\t\t","protected":false},"excerpt":{"rendered":"<p class=\"text-justify mb-2\">Historique du CSAP Le Club Sportif Amphion\u2013Publier (CSAP) a pour objet social la pratique du football depuis bient\u00f4t 80 ans.En [&hellip;]<\/p>\n","protected":false},"author":2,"featured_media":764,"comment_status":"closed","ping_status":"closed","sticky":false,"template":"","format":"standard","meta":[],"categories":[6],"tags":[],"yoast_head":"<!-- This site is optimized with the Yoast SEO plugin v20.6 - https:\/\/yoast.com\/wordpress\/plugins\/seo\/ -->\n<title>Le CSAP - Publier Actualit\u00e9s<\/title>\n<meta name=\"description\" content=\"L&#039;actualit\u00e9 en continue de la commune de Publier.\" \/>\n<meta name=\"robots\" content=\"index, follow, max-snippet:-1, max-image-preview:large, max-video-preview:-1\" \/>\n<link rel=\"canonical\" href=\"https:\/\/actualites.publier74.org\/index.php\/763\/le-csap\/\" \/>\n<meta property=\"og:locale\" content=\"fr_FR\" \/>\n<meta property=\"og:type\" content=\"article\" \/>\n<meta property=\"og:title\" content=\"Le CSAP - Publier Actualit\u00e9s\" \/>\n<meta property=\"og:description\" content=\"L&#039;actualit\u00e9 en continue de la commune de Publier.\" \/>\n<meta property=\"og:url\" content=\"https:\/\/actualites.publier74.org\/index.php\/763\/le-csap\/\" \/>\n<meta property=\"og:site_name\" content=\"Publier Actualit\u00e9s\" \/>\n<meta property=\"article:published_time\" content=\"2021-08-25T15:14:39+00:00\" \/>\n<meta property=\"article:modified_time\" content=\"2022-02-12T09:31:17+00:00\" \/>\n<meta property=\"og:image\" content=\"https:\/\/actualites.publier74.org\/wp-content\/uploads\/2021\/08\/Barca_5_03_2021_08_13-scaled.jpg\" \/>\n\t<meta property=\"og:image:width\" content=\"2560\" \/>\n\t<meta property=\"og:image:height\" content=\"1707\" \/>\n\t<meta property=\"og:image:type\" content=\"image\/jpeg\" \/>\n<meta name=\"author\" content=\"Sylviane Deniau\" \/>\n<meta name=\"twitter:card\" content=\"summary_large_image\" \/>\n<meta name=\"twitter:image\" content=\"https:\/\/actualites.publier74.org\/wp-content\/uploads\/2021\/08\/Barca_5_03_2021_08_13-scaled.jpg\" \/>\n<meta name=\"twitter:label1\" content=\"\u00c9crit par\" \/>\n\t<meta name=\"twitter:data1\" content=\"Sylviane Deniau\" \/>\n\t<meta name=\"twitter:label2\" content=\"Dur\u00e9e de lecture estim\u00e9e\" \/>\n\t<meta name=\"twitter:data2\" content=\"4 minutes\" \/>\n<script type=\"application\/ld+json\" class=\"yoast-schema-graph\">{\"@context\":\"https:\/\/schema.org\",\"@graph\":[{\"@type\":\"NewsArticle\",\"@id\":\"https:\/\/actualites.publier74.org\/index.php\/763\/le-csap\/#article\",\"isPartOf\":{\"@id\":\"https:\/\/actualites.publier74.org\/index.php\/763\/le-csap\/\"},\"author\":{\"name\":\"Sylviane Deniau\",\"@id\":\"https:\/\/actualites.publier74.org\/#\/schema\/person\/561fbc16c87dcaab39597d2b242f1c83\"},\"headline\":\"Le CSAP\",\"datePublished\":\"2021-08-25T15:14:39+00:00\",\"dateModified\":\"2022-02-12T09:31:17+00:00\",\"mainEntityOfPage\":{\"@id\":\"https:\/\/actualites.publier74.org\/index.php\/763\/le-csap\/\"},\"wordCount\":902,\"publisher\":{\"@id\":\"https:\/\/actualites.publier74.org\/#organization\"},\"articleSection\":[\"Dossiers\"],\"inLanguage\":\"fr-FR\"},{\"@type\":\"WebPage\",\"@id\":\"https:\/\/actualites.publier74.org\/index.php\/763\/le-csap\/\",\"url\":\"https:\/\/actualites.publier74.org\/index.php\/763\/le-csap\/\",\"name\":\"Le CSAP - Publier Actualit\u00e9s\",\"isPartOf\":{\"@id\":\"https:\/\/actualites.publier74.org\/#website\"},\"datePublished\":\"2021-08-25T15:14:39+00:00\",\"dateModified\":\"2022-02-12T09:31:17+00:00\",\"description\":\"L'actualit\u00e9 en continue de la commune de Publier.\",\"breadcrumb\":{\"@id\":\"https:\/\/actualites.publier74.org\/index.php\/763\/le-csap\/#breadcrumb\"},\"inLanguage\":\"fr-FR\",\"potentialAction\":[{\"@type\":\"ReadAction\",\"target\":[\"https:\/\/actualites.publier74.org\/index.php\/763\/le-csap\/\"]}]},{\"@type\":\"BreadcrumbList\",\"@id\":\"https:\/\/actualites.publier74.org\/index.php\/763\/le-csap\/#breadcrumb\",\"itemListElement\":[{\"@type\":\"ListItem\",\"position\":1,\"name\":\"Accueil\",\"item\":\"https:\/\/actualites.publier74.org\/\"},{\"@type\":\"ListItem\",\"position\":2,\"name\":\"Le CSAP\"}]},{\"@type\":\"WebSite\",\"@id\":\"https:\/\/actualites.publier74.org\/#website\",\"url\":\"https:\/\/actualites.publier74.org\/\",\"name\":\"Publier Actualit\u00e9s\",\"description\":\"\",\"publisher\":{\"@id\":\"https:\/\/actualites.publier74.org\/#organization\"},\"potentialAction\":[{\"@type\":\"SearchAction\",\"target\":{\"@type\":\"EntryPoint\",\"urlTemplate\":\"https:\/\/actualites.publier74.org\/?s={search_term_string}\"},\"query-input\":\"required name=search_term_string\"}],\"inLanguage\":\"fr-FR\"},{\"@type\":\"Organization\",\"@id\":\"https:\/\/actualites.publier74.org\/#organization\",\"name\":\"Mairie\",\"url\":\"https:\/\/actualites.publier74.org\/\",\"logo\":{\"@type\":\"ImageObject\",\"inLanguage\":\"fr-FR\",\"@id\":\"https:\/\/actualites.publier74.org\/#\/schema\/logo\/image\/\",\"url\":\"https:\/\/actualites.publier74.org\/wp-content\/uploads\/2021\/07\/commerce_local.png\",\"contentUrl\":\"https:\/\/actualites.publier74.org\/wp-content\/uploads\/2021\/07\/commerce_local.png\",\"width\":411,\"height\":417,\"caption\":\"Mairie\"},\"image\":{\"@id\":\"https:\/\/actualites.publier74.org\/#\/schema\/logo\/image\/\"}},{\"@type\":\"Person\",\"@id\":\"https:\/\/actualites.publier74.org\/#\/schema\/person\/561fbc16c87dcaab39597d2b242f1c83\",\"name\":\"Sylviane Deniau\",\"image\":{\"@type\":\"ImageObject\",\"inLanguage\":\"fr-FR\",\"@id\":\"https:\/\/actualites.publier74.org\/#\/schema\/person\/image\/\",\"url\":\"https:\/\/actualites.publier74.org\/wp-content\/uploads\/2021\/07\/Sylviane2-122x122.png\",\"contentUrl\":\"https:\/\/actualites.publier74.org\/wp-content\/uploads\/2021\/07\/Sylviane2-122x122.png\",\"caption\":\"Sylviane Deniau\"},\"url\":\"https:\/\/actualites.publier74.org\/index.php\/author\/sylviane\/\"}]}<\/script>\n<!-- \/ Yoast SEO plugin. -->","yoast_head_json":{"title":"Le CSAP - Publier Actualit\u00e9s","description":"L'actualit\u00e9 en continue de la commune de Publier.","robots":{"index":"index","follow":"follow","max-snippet":"max-snippet:-1","max-image-preview":"max-image-preview:large","max-video-preview":"max-video-preview:-1"},"canonical":"https:\/\/actualites.publier74.org\/index.php\/763\/le-csap\/","og_locale":"fr_FR","og_type":"article","og_title":"Le CSAP - Publier Actualit\u00e9s","og_description":"L'actualit\u00e9 en continue de la commune de Publier.","og_url":"https:\/\/actualites.publier74.org\/index.php\/763\/le-csap\/","og_site_name":"Publier Actualit\u00e9s","article_published_time":"2021-08-25T15:14:39+00:00","article_modified_time":"2022-02-12T09:31:17+00:00","og_image":[{"width":2560,"height":1707,"url":"https:\/\/actualites.publier74.org\/wp-content\/uploads\/2021\/08\/Barca_5_03_2021_08_13-scaled.jpg","type":"image\/jpeg"}],"author":"Sylviane Deniau","twitter_card":"summary_large_image","twitter_image":"https:\/\/actualites.publier74.org\/wp-content\/uploads\/2021\/08\/Barca_5_03_2021_08_13-scaled.jpg","twitter_misc":{"\u00c9crit par":"Sylviane Deniau","Dur\u00e9e de lecture estim\u00e9e":"4 minutes"},"schema":{"@context":"https:\/\/schema.org","@graph":[{"@type":"NewsArticle","@id":"https:\/\/actualites.publier74.org\/index.php\/763\/le-csap\/#article","isPartOf":{"@id":"https:\/\/actualites.publier74.org\/index.php\/763\/le-csap\/"},"author":{"name":"Sylviane Deniau","@id":"https:\/\/actualites.publier74.org\/#\/schema\/person\/561fbc16c87dcaab39597d2b242f1c83"},"headline":"Le CSAP","datePublished":"2021-08-25T15:14:39+00:00","dateModified":"2022-02-12T09:31:17+00:00","mainEntityOfPage":{"@id":"https:\/\/actualites.publier74.org\/index.php\/763\/le-csap\/"},"wordCount":902,"publisher":{"@id":"https:\/\/actualites.publier74.org\/#organization"},"articleSection":["Dossiers"],"inLanguage":"fr-FR"},{"@type":"WebPage","@id":"https:\/\/actualites.publier74.org\/index.php\/763\/le-csap\/","url":"https:\/\/actualites.publier74.org\/index.php\/763\/le-csap\/","name":"Le CSAP - Publier Actualit\u00e9s","isPartOf":{"@id":"https:\/\/actualites.publier74.org\/#website"},"datePublished":"2021-08-25T15:14:39+00:00","dateModified":"2022-02-12T09:31:17+00:00","description":"L'actualit\u00e9 en continue de la commune de Publier.","breadcrumb":{"@id":"https:\/\/actualites.publier74.org\/index.php\/763\/le-csap\/#breadcrumb"},"inLanguage":"fr-FR","potentialAction":[{"@type":"ReadAction","target":["https:\/\/actualites.publier74.org\/index.php\/763\/le-csap\/"]}]},{"@type":"BreadcrumbList","@id":"https:\/\/actualites.publier74.org\/index.php\/763\/le-csap\/#breadcrumb","itemListElement":[{"@type":"ListItem","position":1,"name":"Accueil","item":"https:\/\/actualites.publier74.org\/"},{"@type":"ListItem","position":2,"name":"Le CSAP"}]},{"@type":"WebSite","@id":"https:\/\/actualites.publier74.org\/#website","url":"https:\/\/actualites.publier74.org\/","name":"Publier Actualit\u00e9s","description":"","publisher":{"@id":"https:\/\/actualites.publier74.org\/#organization"},"potentialAction":[{"@type":"SearchAction","target":{"@type":"EntryPoint","urlTemplate":"https:\/\/actualites.publier74.org\/?s={search_term_string}"},"query-input":"required name=search_term_string"}],"inLanguage":"fr-FR"},{"@type":"Organization","@id":"https:\/\/actualites.publier74.org\/#organization","name":"Mairie","url":"https:\/\/actualites.publier74.org\/","logo":{"@type":"ImageObject","inLanguage":"fr-FR","@id":"https:\/\/actualites.publier74.org\/#\/schema\/logo\/image\/","url":"https:\/\/actualites.publier74.org\/wp-content\/uploads\/2021\/07\/commerce_local.png","contentUrl":"https:\/\/actualites.publier74.org\/wp-content\/uploads\/2021\/07\/commerce_local.png","width":411,"height":417,"caption":"Mairie"},"image":{"@id":"https:\/\/actualites.publier74.org\/#\/schema\/logo\/image\/"}},{"@type":"Person","@id":"https:\/\/actualites.publier74.org\/#\/schema\/person\/561fbc16c87dcaab39597d2b242f1c83","name":"Sylviane Deniau","image":{"@type":"ImageObject","inLanguage":"fr-FR","@id":"https:\/\/actualites.publier74.org\/#\/schema\/person\/image\/","url":"https:\/\/actualites.publier74.org\/wp-content\/uploads\/2021\/07\/Sylviane2-122x122.png","contentUrl":"https:\/\/actualites.publier74.org\/wp-content\/uploads\/2021\/07\/Sylviane2-122x122.png","caption":"Sylviane Deniau"},"url":"https:\/\/actualites.publier74.org\/index.php\/author\/sylviane\/"}]}},"post_mailing_queue_ids":[],"_links":{"self":[{"href":"https:\/\/actualites.publier74.org\/index.php\/wp-json\/wp\/v2\/posts\/763"}],"collection":[{"href":"https:\/\/actualites.publier74.org\/index.php\/wp-json\/wp\/v2\/posts"}],"about":[{"href":"https:\/\/actualites.publier74.org\/index.php\/wp-json\/wp\/v2\/types\/post"}],"author":[{"embeddable":true,"href":"https:\/\/actualites.publier74.org\/index.php\/wp-json\/wp\/v2\/users\/2"}],"replies":[{"embeddable":true,"href":"https:\/\/actualites.publier74.org\/index.php\/wp-json\/wp\/v2\/comments?post=763"}],"version-history":[{"count":45,"href":"https:\/\/actualites.publier74.org\/index.php\/wp-json\/wp\/v2\/posts\/763\/revisions"}],"predecessor-version":[{"id":2107,"href":"https:\/\/actualites.publier74.org\/index.php\/wp-json\/wp\/v2\/posts\/763\/revisions\/2107"}],"wp:featuredmedia":[{"embeddable":true,"href":"https:\/\/actualites.publier74.org\/index.php\/wp-json\/wp\/v2\/media\/764"}],"wp:attachment":[{"href":"https:\/\/actualites.publier74.org\/index.php\/wp-json\/wp\/v2\/media?parent=763"}],"wp:term":[{"taxonomy":"category","embeddable":true,"href":"https:\/\/actualites.publier74.org\/index.php\/wp-json\/wp\/v2\/categories?post=763"},{"taxonomy":"post_tag","embeddable":true,"href":"https:\/\/actualites.publier74.org\/index.php\/wp-json\/wp\/v2\/tags?post=763"}],"curies":[{"name":"wp","href":"https:\/\/api.w.org\/{rel}","templated":true}]}}