{"id":3589,"date":"2023-07-04T09:00:47","date_gmt":"2023-07-04T07:00:47","guid":{"rendered":"https:\/\/actualites.publier74.org\/?p=3589"},"modified":"2023-12-08T11:56:27","modified_gmt":"2023-12-08T10:56:27","slug":"la-securisation-de-la-liaison-entre-le-chef-lieu-et-amphion-debute","status":"publish","type":"post","link":"https:\/\/actualites.publier74.org\/index.php\/3589\/la-securisation-de-la-liaison-entre-le-chef-lieu-et-amphion-debute\/","title":{"rendered":"La s\u00e9curisation de la liaison entre le chef-lieu et Amphion d\u00e9bute"},"content":{"rendered":"\t\t<div data-elementor-type=\"wp-post\" data-elementor-id=\"3589\" class=\"elementor elementor-3589\" data-elementor-settings=\"[]\">\n\t\t\t\t\t\t\t<div class=\"elementor-section-wrap\">\n\t\t\t\t\t\t\t<section class=\"elementor-section elementor-top-section elementor-element elementor-element-06d36ae elementor-section-boxed elementor-section-height-default elementor-section-height-default\" data-id=\"06d36ae\" data-element_type=\"section\">\n\t\t\t\t\t\t<div class=\"elementor-container elementor-column-gap-default\">\n\t\t\t\t\t<div class=\"elementor-column elementor-col-100 elementor-top-column elementor-element elementor-element-5d29ac0\" data-id=\"5d29ac0\" data-element_type=\"column\">\n\t\t\t<div class=\"elementor-widget-wrap elementor-element-populated\">\n\t\t\t\t\t\t\t\t<div class=\"elementor-element elementor-element-99d5861 elementor-widget elementor-widget-text-editor\" data-id=\"99d5861\" data-element_type=\"widget\" data-widget_type=\"text-editor.default\">\n\t\t\t\t<div class=\"elementor-widget-container\">\n\t\t\t<style>\/*! elementor - v3.5.6 - 28-02-2022 *\/\n.elementor-widget-text-editor.elementor-drop-cap-view-stacked .elementor-drop-cap{background-color:#818a91;color:#fff}.elementor-widget-text-editor.elementor-drop-cap-view-framed .elementor-drop-cap{color:#818a91;border:3px solid;background-color:transparent}.elementor-widget-text-editor:not(.elementor-drop-cap-view-default) .elementor-drop-cap{margin-top:8px}.elementor-widget-text-editor:not(.elementor-drop-cap-view-default) .elementor-drop-cap-letter{width:1em;height:1em}.elementor-widget-text-editor .elementor-drop-cap{float:left;text-align:center;line-height:1;font-size:50px}.elementor-widget-text-editor .elementor-drop-cap-letter{display:inline-block}<\/style>\t\t\t\t<p>La rue du Belv\u00e9d\u00e8re qui permet de relier le chef-lieu de Publier au Vieux Village d\u2019Amphion est en chantier depuis la mi-juin.<\/p><p>Il s\u2019agit de la premi\u00e8re \u00e9tape d\u2019un projet d\u2019ensemble qui vise \u00e0 s\u00e9curiser toutes les formes de mobilit\u00e9. Le chantier actuel s\u2019\u00e9tend sur le trottoir c\u00f4t\u00e9 Sud de la voie sur une longueur de 380 m\u00e8tres lin\u00e9aires, \u00e0 partir de l\u2019impasse de Rouly jusqu\u2019au chemin des Rosaires.<br \/>La premi\u00e8re partie du projet concerne les r\u00e9seaux secs. Les cand\u00e9labres vont \u00eatre recul\u00e9s afin de gagner de l\u2019espace pour la mobilit\u00e9 et cr\u00e9er une piste cyclable.<br \/>Cette voie d\u00e9di\u00e9e aux v\u00e9los sera en sens unique, dans la mont\u00e9e, pour permettre de rejoindre de mani\u00e8re s\u00e9curis\u00e9e le chef-lieu. D\u2019une largeur d\u20191,50 m\u00e8tre, elle sera \u00e9quip\u00e9e d\u2019une bordure franchissable par les v\u00e9los. Cette modification impose de restreindre le cheminement pi\u00e9tonnier au Nord de la rue.<\/p><p><strong>Il s\u2019agit de la premi\u00e8re piste cyclable sur la partie sup\u00e9rieure de la commune (au-dessus de la voie ferr\u00e9e) et du premier jalon de la s\u00e9curisation de la liaison entre le haut et le bas de Publier. Le parti pris adopt\u00e9 pour \u00e9tablir une liaison mode doux entre la plaine et le chef-lieu est d\u2019emprunter la rue du Moulin, l\u2019impasse de Crochet, et la rue du Belv\u00e9d\u00e8re.<\/strong><\/p><p><strong>La suite passera cet automne par un second chantier de s\u00e9curisation au niveau du fameux \u00ab virage de Crochet \u00bb entre la rue du Belv\u00e9d\u00e8re et la rue de Publier.<\/strong> Cet am\u00e9nagement consistera en la r\u00e9alisation d\u2019un cheminement pi\u00e9tonnier s\u00e9curis\u00e9 avec liaison entre le verger de Crochet et la Source Souriane, et d\u2019une piste cyclable avec s\u00e9paration physique (bordure infranchissable dans le virage) ; une attention particuli\u00e8re a \u00e9t\u00e9 port\u00e9e sur la travers\u00e9e s\u00e9curis\u00e9e de la rue du Belv\u00e9d\u00e8re et l\u2019apaisement des vitesses, avec l\u2019insertion de deux plateaux sur\u00e9lev\u00e9s.<\/p><p>Le montant du projet en cours est de 207 600 euros TTC, les travaux sont pr\u00e9vus pour durer jusqu\u2019\u00e0 la premi\u00e8re semaine d\u2019ao\u00fbt.<\/p>\t\t\t\t\t\t<\/div>\n\t\t\t\t<\/div>\n\t\t\t\t\t<\/div>\n\t\t<\/div>\n\t\t\t\t\t\t\t<\/div>\n\t\t<\/section>\n\t\t\t\t\t\t<\/div>\n\t\t\t\t\t<\/div>\n\t\t","protected":false},"excerpt":{"rendered":"<p class=\"text-justify mb-2\">La rue du Belv\u00e9d\u00e8re qui permet de relier le chef-lieu de Publier au Vieux Village d\u2019Amphion est en chantier depuis [&hellip;]<\/p>\n","protected":false},"author":4,"featured_media":3590,"comment_status":"closed","ping_status":"open","sticky":false,"template":"","format":"standard","meta":[],"categories":[7],"tags":[],"yoast_head":"<!-- This site is optimized with the Yoast SEO plugin v20.6 - https:\/\/yoast.com\/wordpress\/plugins\/seo\/ -->\n<title>La s\u00e9curisation de la liaison entre le chef-lieu et Amphion d\u00e9bute - Publier Actualit\u00e9s<\/title>\n<meta name=\"description\" content=\"L&#039;actualit\u00e9 en continue de la commune de Publier.\" \/>\n<meta name=\"robots\" content=\"index, follow, max-snippet:-1, max-image-preview:large, max-video-preview:-1\" \/>\n<link rel=\"canonical\" href=\"https:\/\/actualites.publier74.org\/index.php\/3589\/la-securisation-de-la-liaison-entre-le-chef-lieu-et-amphion-debute\/\" \/>\n<meta property=\"og:locale\" content=\"fr_FR\" \/>\n<meta property=\"og:type\" content=\"article\" \/>\n<meta property=\"og:title\" content=\"La s\u00e9curisation de la liaison entre le chef-lieu et Amphion d\u00e9bute - Publier Actualit\u00e9s\" \/>\n<meta property=\"og:description\" content=\"L&#039;actualit\u00e9 en continue de la commune de Publier.\" \/>\n<meta property=\"og:url\" content=\"https:\/\/actualites.publier74.org\/index.php\/3589\/la-securisation-de-la-liaison-entre-le-chef-lieu-et-amphion-debute\/\" \/>\n<meta property=\"og:site_name\" content=\"Publier Actualit\u00e9s\" \/>\n<meta property=\"article:published_time\" content=\"2023-07-04T07:00:47+00:00\" \/>\n<meta property=\"article:modified_time\" content=\"2023-12-08T10:56:27+00:00\" \/>\n<meta property=\"og:image\" content=\"https:\/\/actualites.publier74.org\/wp-content\/uploads\/2023\/07\/IMG_1849-scaled.jpg\" \/>\n\t<meta property=\"og:image:width\" content=\"2560\" \/>\n\t<meta property=\"og:image:height\" content=\"1707\" \/>\n\t<meta property=\"og:image:type\" content=\"image\/jpeg\" \/>\n<meta name=\"author\" content=\"r\u00e9dacteur\" \/>\n<meta name=\"twitter:card\" content=\"summary_large_image\" \/>\n<meta name=\"twitter:label1\" content=\"\u00c9crit par\" \/>\n\t<meta name=\"twitter:data1\" content=\"r\u00e9dacteur\" \/>\n\t<meta name=\"twitter:label2\" content=\"Dur\u00e9e de lecture estim\u00e9e\" \/>\n\t<meta name=\"twitter:data2\" content=\"2 minutes\" \/>\n<script type=\"application\/ld+json\" class=\"yoast-schema-graph\">{\"@context\":\"https:\/\/schema.org\",\"@graph\":[{\"@type\":\"NewsArticle\",\"@id\":\"https:\/\/actualites.publier74.org\/index.php\/3589\/la-securisation-de-la-liaison-entre-le-chef-lieu-et-amphion-debute\/#article\",\"isPartOf\":{\"@id\":\"https:\/\/actualites.publier74.org\/index.php\/3589\/la-securisation-de-la-liaison-entre-le-chef-lieu-et-amphion-debute\/\"},\"author\":{\"name\":\"r\u00e9dacteur\",\"@id\":\"https:\/\/actualites.publier74.org\/#\/schema\/person\/2d0b2c82e5d133d6a3f793ac5bc4d237\"},\"headline\":\"La s\u00e9curisation de la liaison entre le chef-lieu et Amphion d\u00e9bute\",\"datePublished\":\"2023-07-04T07:00:47+00:00\",\"dateModified\":\"2023-12-08T10:56:27+00:00\",\"mainEntityOfPage\":{\"@id\":\"https:\/\/actualites.publier74.org\/index.php\/3589\/la-securisation-de-la-liaison-entre-le-chef-lieu-et-amphion-debute\/\"},\"wordCount\":394,\"publisher\":{\"@id\":\"https:\/\/actualites.publier74.org\/#organization\"},\"articleSection\":[\"Toute l'Actualit\u00e9\"],\"inLanguage\":\"fr-FR\"},{\"@type\":\"WebPage\",\"@id\":\"https:\/\/actualites.publier74.org\/index.php\/3589\/la-securisation-de-la-liaison-entre-le-chef-lieu-et-amphion-debute\/\",\"url\":\"https:\/\/actualites.publier74.org\/index.php\/3589\/la-securisation-de-la-liaison-entre-le-chef-lieu-et-amphion-debute\/\",\"name\":\"La s\u00e9curisation de la liaison entre le chef-lieu et Amphion d\u00e9bute - Publier Actualit\u00e9s\",\"isPartOf\":{\"@id\":\"https:\/\/actualites.publier74.org\/#website\"},\"datePublished\":\"2023-07-04T07:00:47+00:00\",\"dateModified\":\"2023-12-08T10:56:27+00:00\",\"description\":\"L'actualit\u00e9 en continue de la commune de Publier.\",\"breadcrumb\":{\"@id\":\"https:\/\/actualites.publier74.org\/index.php\/3589\/la-securisation-de-la-liaison-entre-le-chef-lieu-et-amphion-debute\/#breadcrumb\"},\"inLanguage\":\"fr-FR\",\"potentialAction\":[{\"@type\":\"ReadAction\",\"target\":[\"https:\/\/actualites.publier74.org\/index.php\/3589\/la-securisation-de-la-liaison-entre-le-chef-lieu-et-amphion-debute\/\"]}]},{\"@type\":\"BreadcrumbList\",\"@id\":\"https:\/\/actualites.publier74.org\/index.php\/3589\/la-securisation-de-la-liaison-entre-le-chef-lieu-et-amphion-debute\/#breadcrumb\",\"itemListElement\":[{\"@type\":\"ListItem\",\"position\":1,\"name\":\"Accueil\",\"item\":\"https:\/\/actualites.publier74.org\/\"},{\"@type\":\"ListItem\",\"position\":2,\"name\":\"La s\u00e9curisation de la liaison entre le chef-lieu et Amphion d\u00e9bute\"}]},{\"@type\":\"WebSite\",\"@id\":\"https:\/\/actualites.publier74.org\/#website\",\"url\":\"https:\/\/actualites.publier74.org\/\",\"name\":\"Publier Actualit\u00e9s\",\"description\":\"\",\"publisher\":{\"@id\":\"https:\/\/actualites.publier74.org\/#organization\"},\"potentialAction\":[{\"@type\":\"SearchAction\",\"target\":{\"@type\":\"EntryPoint\",\"urlTemplate\":\"https:\/\/actualites.publier74.org\/?s={search_term_string}\"},\"query-input\":\"required name=search_term_string\"}],\"inLanguage\":\"fr-FR\"},{\"@type\":\"Organization\",\"@id\":\"https:\/\/actualites.publier74.org\/#organization\",\"name\":\"Mairie\",\"url\":\"https:\/\/actualites.publier74.org\/\",\"logo\":{\"@type\":\"ImageObject\",\"inLanguage\":\"fr-FR\",\"@id\":\"https:\/\/actualites.publier74.org\/#\/schema\/logo\/image\/\",\"url\":\"https:\/\/actualites.publier74.org\/wp-content\/uploads\/2021\/07\/commerce_local.png\",\"contentUrl\":\"https:\/\/actualites.publier74.org\/wp-content\/uploads\/2021\/07\/commerce_local.png\",\"width\":411,\"height\":417,\"caption\":\"Mairie\"},\"image\":{\"@id\":\"https:\/\/actualites.publier74.org\/#\/schema\/logo\/image\/\"}},{\"@type\":\"Person\",\"@id\":\"https:\/\/actualites.publier74.org\/#\/schema\/person\/2d0b2c82e5d133d6a3f793ac5bc4d237\",\"name\":\"r\u00e9dacteur\",\"image\":{\"@type\":\"ImageObject\",\"inLanguage\":\"fr-FR\",\"@id\":\"https:\/\/actualites.publier74.org\/#\/schema\/person\/image\/\",\"url\":\"https:\/\/actualites.publier74.org\/wp-content\/uploads\/2022\/02\/DSCN8019-122x122.jpg\",\"contentUrl\":\"https:\/\/actualites.publier74.org\/wp-content\/uploads\/2022\/02\/DSCN8019-122x122.jpg\",\"caption\":\"r\u00e9dacteur\"},\"url\":\"https:\/\/actualites.publier74.org\/index.php\/author\/atmane\/\"}]}<\/script>\n<!-- \/ Yoast SEO plugin. -->","yoast_head_json":{"title":"La s\u00e9curisation de la liaison entre le chef-lieu et Amphion d\u00e9bute - Publier Actualit\u00e9s","description":"L'actualit\u00e9 en continue de la commune de Publier.","robots":{"index":"index","follow":"follow","max-snippet":"max-snippet:-1","max-image-preview":"max-image-preview:large","max-video-preview":"max-video-preview:-1"},"canonical":"https:\/\/actualites.publier74.org\/index.php\/3589\/la-securisation-de-la-liaison-entre-le-chef-lieu-et-amphion-debute\/","og_locale":"fr_FR","og_type":"article","og_title":"La s\u00e9curisation de la liaison entre le chef-lieu et Amphion d\u00e9bute - Publier Actualit\u00e9s","og_description":"L'actualit\u00e9 en continue de la commune de Publier.","og_url":"https:\/\/actualites.publier74.org\/index.php\/3589\/la-securisation-de-la-liaison-entre-le-chef-lieu-et-amphion-debute\/","og_site_name":"Publier Actualit\u00e9s","article_published_time":"2023-07-04T07:00:47+00:00","article_modified_time":"2023-12-08T10:56:27+00:00","og_image":[{"width":2560,"height":1707,"url":"https:\/\/actualites.publier74.org\/wp-content\/uploads\/2023\/07\/IMG_1849-scaled.jpg","type":"image\/jpeg"}],"author":"r\u00e9dacteur","twitter_card":"summary_large_image","twitter_misc":{"\u00c9crit par":"r\u00e9dacteur","Dur\u00e9e de lecture estim\u00e9e":"2 minutes"},"schema":{"@context":"https:\/\/schema.org","@graph":[{"@type":"NewsArticle","@id":"https:\/\/actualites.publier74.org\/index.php\/3589\/la-securisation-de-la-liaison-entre-le-chef-lieu-et-amphion-debute\/#article","isPartOf":{"@id":"https:\/\/actualites.publier74.org\/index.php\/3589\/la-securisation-de-la-liaison-entre-le-chef-lieu-et-amphion-debute\/"},"author":{"name":"r\u00e9dacteur","@id":"https:\/\/actualites.publier74.org\/#\/schema\/person\/2d0b2c82e5d133d6a3f793ac5bc4d237"},"headline":"La s\u00e9curisation de la liaison entre le chef-lieu et Amphion d\u00e9bute","datePublished":"2023-07-04T07:00:47+00:00","dateModified":"2023-12-08T10:56:27+00:00","mainEntityOfPage":{"@id":"https:\/\/actualites.publier74.org\/index.php\/3589\/la-securisation-de-la-liaison-entre-le-chef-lieu-et-amphion-debute\/"},"wordCount":394,"publisher":{"@id":"https:\/\/actualites.publier74.org\/#organization"},"articleSection":["Toute l'Actualit\u00e9"],"inLanguage":"fr-FR"},{"@type":"WebPage","@id":"https:\/\/actualites.publier74.org\/index.php\/3589\/la-securisation-de-la-liaison-entre-le-chef-lieu-et-amphion-debute\/","url":"https:\/\/actualites.publier74.org\/index.php\/3589\/la-securisation-de-la-liaison-entre-le-chef-lieu-et-amphion-debute\/","name":"La s\u00e9curisation de la liaison entre le chef-lieu et Amphion d\u00e9bute - Publier Actualit\u00e9s","isPartOf":{"@id":"https:\/\/actualites.publier74.org\/#website"},"datePublished":"2023-07-04T07:00:47+00:00","dateModified":"2023-12-08T10:56:27+00:00","description":"L'actualit\u00e9 en continue de la commune de Publier.","breadcrumb":{"@id":"https:\/\/actualites.publier74.org\/index.php\/3589\/la-securisation-de-la-liaison-entre-le-chef-lieu-et-amphion-debute\/#breadcrumb"},"inLanguage":"fr-FR","potentialAction":[{"@type":"ReadAction","target":["https:\/\/actualites.publier74.org\/index.php\/3589\/la-securisation-de-la-liaison-entre-le-chef-lieu-et-amphion-debute\/"]}]},{"@type":"BreadcrumbList","@id":"https:\/\/actualites.publier74.org\/index.php\/3589\/la-securisation-de-la-liaison-entre-le-chef-lieu-et-amphion-debute\/#breadcrumb","itemListElement":[{"@type":"ListItem","position":1,"name":"Accueil","item":"https:\/\/actualites.publier74.org\/"},{"@type":"ListItem","position":2,"name":"La s\u00e9curisation de la liaison entre le chef-lieu et Amphion d\u00e9bute"}]},{"@type":"WebSite","@id":"https:\/\/actualites.publier74.org\/#website","url":"https:\/\/actualites.publier74.org\/","name":"Publier Actualit\u00e9s","description":"","publisher":{"@id":"https:\/\/actualites.publier74.org\/#organization"},"potentialAction":[{"@type":"SearchAction","target":{"@type":"EntryPoint","urlTemplate":"https:\/\/actualites.publier74.org\/?s={search_term_string}"},"query-input":"required name=search_term_string"}],"inLanguage":"fr-FR"},{"@type":"Organization","@id":"https:\/\/actualites.publier74.org\/#organization","name":"Mairie","url":"https:\/\/actualites.publier74.org\/","logo":{"@type":"ImageObject","inLanguage":"fr-FR","@id":"https:\/\/actualites.publier74.org\/#\/schema\/logo\/image\/","url":"https:\/\/actualites.publier74.org\/wp-content\/uploads\/2021\/07\/commerce_local.png","contentUrl":"https:\/\/actualites.publier74.org\/wp-content\/uploads\/2021\/07\/commerce_local.png","width":411,"height":417,"caption":"Mairie"},"image":{"@id":"https:\/\/actualites.publier74.org\/#\/schema\/logo\/image\/"}},{"@type":"Person","@id":"https:\/\/actualites.publier74.org\/#\/schema\/person\/2d0b2c82e5d133d6a3f793ac5bc4d237","name":"r\u00e9dacteur","image":{"@type":"ImageObject","inLanguage":"fr-FR","@id":"https:\/\/actualites.publier74.org\/#\/schema\/person\/image\/","url":"https:\/\/actualites.publier74.org\/wp-content\/uploads\/2022\/02\/DSCN8019-122x122.jpg","contentUrl":"https:\/\/actualites.publier74.org\/wp-content\/uploads\/2022\/02\/DSCN8019-122x122.jpg","caption":"r\u00e9dacteur"},"url":"https:\/\/actualites.publier74.org\/index.php\/author\/atmane\/"}]}},"post_mailing_queue_ids":[],"_links":{"self":[{"href":"https:\/\/actualites.publier74.org\/index.php\/wp-json\/wp\/v2\/posts\/3589"}],"collection":[{"href":"https:\/\/actualites.publier74.org\/index.php\/wp-json\/wp\/v2\/posts"}],"about":[{"href":"https:\/\/actualites.publier74.org\/index.php\/wp-json\/wp\/v2\/types\/post"}],"author":[{"embeddable":true,"href":"https:\/\/actualites.publier74.org\/index.php\/wp-json\/wp\/v2\/users\/4"}],"replies":[{"embeddable":true,"href":"https:\/\/actualites.publier74.org\/index.php\/wp-json\/wp\/v2\/comments?post=3589"}],"version-history":[{"count":7,"href":"https:\/\/actualites.publier74.org\/index.php\/wp-json\/wp\/v2\/posts\/3589\/revisions"}],"predecessor-version":[{"id":3597,"href":"https:\/\/actualites.publier74.org\/index.php\/wp-json\/wp\/v2\/posts\/3589\/revisions\/3597"}],"wp:featuredmedia":[{"embeddable":true,"href":"https:\/\/actualites.publier74.org\/index.php\/wp-json\/wp\/v2\/media\/3590"}],"wp:attachment":[{"href":"https:\/\/actualites.publier74.org\/index.php\/wp-json\/wp\/v2\/media?parent=3589"}],"wp:term":[{"taxonomy":"category","embeddable":true,"href":"https:\/\/actualites.publier74.org\/index.php\/wp-json\/wp\/v2\/categories?post=3589"},{"taxonomy":"post_tag","embeddable":true,"href":"https:\/\/actualites.publier74.org\/index.php\/wp-json\/wp\/v2\/tags?post=3589"}],"curies":[{"name":"wp","href":"https:\/\/api.w.org\/{rel}","templated":true}]}}