{"id":3463,"date":"2023-02-01T09:59:37","date_gmt":"2023-02-01T08:59:37","guid":{"rendered":"https:\/\/actualites.publier74.org\/?p=3463"},"modified":"2023-12-08T11:57:42","modified_gmt":"2023-12-08T10:57:42","slug":"video-reunion-publique-de-mi-mandat","status":"publish","type":"post","link":"https:\/\/actualites.publier74.org\/index.php\/3463\/video-reunion-publique-de-mi-mandat\/","title":{"rendered":"Vid\u00e9o : r\u00e9union publique de mi-mandat"},"content":{"rendered":"\t\t<div data-elementor-type=\"wp-post\" data-elementor-id=\"3463\" class=\"elementor elementor-3463\" data-elementor-settings=\"[]\">\n\t\t\t\t\t\t\t<div class=\"elementor-section-wrap\">\n\t\t\t\t\t\t\t<section class=\"elementor-section elementor-top-section elementor-element elementor-element-67d4cbd elementor-section-boxed elementor-section-height-default elementor-section-height-default\" data-id=\"67d4cbd\" data-element_type=\"section\">\n\t\t\t\t\t\t<div class=\"elementor-container elementor-column-gap-default\">\n\t\t\t\t\t<div class=\"elementor-column elementor-col-100 elementor-top-column elementor-element elementor-element-4553842\" data-id=\"4553842\" data-element_type=\"column\">\n\t\t\t<div class=\"elementor-widget-wrap elementor-element-populated\">\n\t\t\t\t\t\t\t\t<div class=\"elementor-element elementor-element-0166e6c elementor-widget elementor-widget-text-editor\" data-id=\"0166e6c\" data-element_type=\"widget\" data-widget_type=\"text-editor.default\">\n\t\t\t\t<div class=\"elementor-widget-container\">\n\t\t\t<style>\/*! elementor - v3.5.6 - 28-02-2022 *\/\n.elementor-widget-text-editor.elementor-drop-cap-view-stacked .elementor-drop-cap{background-color:#818a91;color:#fff}.elementor-widget-text-editor.elementor-drop-cap-view-framed .elementor-drop-cap{color:#818a91;border:3px solid;background-color:transparent}.elementor-widget-text-editor:not(.elementor-drop-cap-view-default) .elementor-drop-cap{margin-top:8px}.elementor-widget-text-editor:not(.elementor-drop-cap-view-default) .elementor-drop-cap-letter{width:1em;height:1em}.elementor-widget-text-editor .elementor-drop-cap{float:left;text-align:center;line-height:1;font-size:50px}.elementor-widget-text-editor .elementor-drop-cap-letter{display:inline-block}<\/style>\t\t\t\t<p>300 habitants de Publier se sont retrouv\u00e9s mardi 31 janvier \u00e0 la salle Olympe de la Cit\u00e9 de l&rsquo;eau pour assister \u00e0 la r\u00e9union publique de mi-mandat.<\/p><p>Au micro, le maire accompagn\u00e9 de ses adjoints ont pr\u00e9sent\u00e9 un premier bilan de la mandature et annonc\u00e9 les projets \u00e0 venir.<\/p><p>Les \u00e9lus ont ensuite r\u00e9pondu aux questions des administr\u00e9s dans le cadre de cet exercice de d\u00e9mocratie r\u00e9ussi.<\/p>\t\t\t\t\t\t<\/div>\n\t\t\t\t<\/div>\n\t\t\t\t\t<\/div>\n\t\t<\/div>\n\t\t\t\t\t\t\t<\/div>\n\t\t<\/section>\n\t\t\t\t<section class=\"elementor-section elementor-top-section elementor-element elementor-element-c9a00d0 elementor-section-boxed elementor-section-height-default elementor-section-height-default\" data-id=\"c9a00d0\" data-element_type=\"section\">\n\t\t\t\t\t\t<div class=\"elementor-container elementor-column-gap-default\">\n\t\t\t\t\t<div class=\"elementor-column elementor-col-100 elementor-top-column elementor-element elementor-element-e533563\" data-id=\"e533563\" data-element_type=\"column\">\n\t\t\t<div class=\"elementor-widget-wrap elementor-element-populated\">\n\t\t\t\t\t\t\t\t<div class=\"elementor-element elementor-element-c13b1fc elementor-aspect-ratio-169 elementor-widget elementor-widget-video\" data-id=\"c13b1fc\" data-element_type=\"widget\" data-settings=\"{&quot;youtube_url&quot;:&quot;https:\\\/\\\/youtu.be\\\/gsu7s85MIpM?t=1&quot;,&quot;video_type&quot;:&quot;youtube&quot;,&quot;controls&quot;:&quot;yes&quot;,&quot;aspect_ratio&quot;:&quot;169&quot;}\" data-widget_type=\"video.default\">\n\t\t\t\t<div class=\"elementor-widget-container\">\n\t\t\t<style>\/*! elementor - v3.5.6 - 28-02-2022 *\/\n.elementor-widget-video .elementor-widget-container{overflow:hidden;-webkit-transform:translateZ(0);transform:translateZ(0)}.elementor-widget-video .elementor-open-inline .elementor-custom-embed-image-overlay{position:absolute;top:0;left:0;width:100%;height:100%;-webkit-background-size:cover;background-size:cover;background-position:50%}.elementor-widget-video .elementor-custom-embed-image-overlay{cursor:pointer;text-align:center}.elementor-widget-video .elementor-custom-embed-image-overlay:hover .elementor-custom-embed-play i{opacity:1}.elementor-widget-video .elementor-custom-embed-image-overlay img{display:block;width:100%}.elementor-widget-video .e-hosted-video .elementor-video{-o-object-fit:cover;object-fit:cover}<\/style>\t\t<div class=\"elementor-wrapper elementor-fit-aspect-ratio elementor-open-inline\">\n\t\t\t<div class=\"elementor-video\"><\/div>\t\t<\/div>\n\t\t\t\t<\/div>\n\t\t\t\t<\/div>\n\t\t\t\t\t<\/div>\n\t\t<\/div>\n\t\t\t\t\t\t\t<\/div>\n\t\t<\/section>\n\t\t\t\t<section class=\"elementor-section elementor-top-section elementor-element elementor-element-f9de559 elementor-section-boxed elementor-section-height-default elementor-section-height-default\" data-id=\"f9de559\" data-element_type=\"section\">\n\t\t\t\t\t\t<div class=\"elementor-container elementor-column-gap-default\">\n\t\t\t\t\t<div class=\"elementor-column elementor-col-100 elementor-top-column elementor-element elementor-element-13c69eb\" data-id=\"13c69eb\" data-element_type=\"column\">\n\t\t\t<div class=\"elementor-widget-wrap elementor-element-populated\">\n\t\t\t\t\t\t\t\t<div class=\"elementor-element elementor-element-37b58ab elementor-widget elementor-widget-image\" data-id=\"37b58ab\" data-element_type=\"widget\" data-widget_type=\"image.default\">\n\t\t\t\t<div class=\"elementor-widget-container\">\n\t\t\t<style>\/*! elementor - v3.5.6 - 28-02-2022 *\/\n.elementor-widget-image{text-align:center}.elementor-widget-image a{display:inline-block}.elementor-widget-image a img[src$=\".svg\"]{width:48px}.elementor-widget-image img{vertical-align:middle;display:inline-block}<\/style>\t\t\t\t\t\t\t\t\t<figure class=\"wp-caption\">\n\t\t\t\t\t\t\t\t\t\t<img width=\"1024\" height=\"542\" src=\"https:\/\/actualites.publier74.org\/wp-content\/uploads\/2023\/02\/IMG_1230-1024x542.jpg\" class=\"attachment-large size-large\" alt=\"\" loading=\"lazy\" srcset=\"https:\/\/actualites.publier74.org\/wp-content\/uploads\/2023\/02\/IMG_1230-1024x542.jpg 1024w, https:\/\/actualites.publier74.org\/wp-content\/uploads\/2023\/02\/IMG_1230-300x159.jpg 300w, https:\/\/actualites.publier74.org\/wp-content\/uploads\/2023\/02\/IMG_1230-768x406.jpg 768w, https:\/\/actualites.publier74.org\/wp-content\/uploads\/2023\/02\/IMG_1230-1536x813.jpg 1536w, https:\/\/actualites.publier74.org\/wp-content\/uploads\/2023\/02\/IMG_1230-2048x1084.jpg 2048w\" sizes=\"(max-width: 1024px) 100vw, 1024px\" \/>\t\t\t\t\t\t\t\t\t\t\t<figcaption class=\"widget-image-caption wp-caption-text\">Les questions\/r\u00e9ponses ont permis d'aborder de nombreux sujets ayant trait au d\u00e9veloppement de la commune<\/figcaption>\n\t\t\t\t\t\t\t\t\t\t<\/figure>\n\t\t\t\t\t\t\t\t\t<\/div>\n\t\t\t\t<\/div>\n\t\t\t\t\t<\/div>\n\t\t<\/div>\n\t\t\t\t\t\t\t<\/div>\n\t\t<\/section>\n\t\t\t\t\t\t<\/div>\n\t\t\t\t\t<\/div>\n\t\t","protected":false},"excerpt":{"rendered":"<p class=\"text-justify mb-2\">300 habitants de Publier se sont retrouv\u00e9s mardi 31 janvier \u00e0 la salle Olympe de la Cit\u00e9 de l&rsquo;eau pour [&hellip;]<\/p>\n","protected":false},"author":4,"featured_media":3464,"comment_status":"closed","ping_status":"open","sticky":false,"template":"","format":"standard","meta":[],"categories":[7],"tags":[],"yoast_head":"<!-- This site is optimized with the Yoast SEO plugin v20.6 - https:\/\/yoast.com\/wordpress\/plugins\/seo\/ -->\n<title>Vid\u00e9o : r\u00e9union publique de mi-mandat - Publier Actualit\u00e9s<\/title>\n<meta name=\"description\" content=\"L&#039;actualit\u00e9 en continue de la commune de Publier.\" \/>\n<meta name=\"robots\" content=\"index, follow, max-snippet:-1, max-image-preview:large, max-video-preview:-1\" \/>\n<link rel=\"canonical\" href=\"https:\/\/actualites.publier74.org\/index.php\/3463\/video-reunion-publique-de-mi-mandat\/\" \/>\n<meta property=\"og:locale\" content=\"fr_FR\" \/>\n<meta property=\"og:type\" content=\"article\" \/>\n<meta property=\"og:title\" content=\"Vid\u00e9o : r\u00e9union publique de mi-mandat - Publier Actualit\u00e9s\" \/>\n<meta property=\"og:description\" content=\"L&#039;actualit\u00e9 en continue de la commune de Publier.\" \/>\n<meta property=\"og:url\" content=\"https:\/\/actualites.publier74.org\/index.php\/3463\/video-reunion-publique-de-mi-mandat\/\" \/>\n<meta property=\"og:site_name\" content=\"Publier Actualit\u00e9s\" \/>\n<meta property=\"article:published_time\" content=\"2023-02-01T08:59:37+00:00\" \/>\n<meta property=\"article:modified_time\" content=\"2023-12-08T10:57:42+00:00\" \/>\n<meta property=\"og:image\" content=\"https:\/\/actualites.publier74.org\/wp-content\/uploads\/2023\/02\/IMG_1201-scaled.jpg\" \/>\n\t<meta property=\"og:image:width\" content=\"2560\" \/>\n\t<meta property=\"og:image:height\" content=\"1140\" \/>\n\t<meta property=\"og:image:type\" content=\"image\/jpeg\" \/>\n<meta name=\"author\" content=\"r\u00e9dacteur\" \/>\n<meta name=\"twitter:card\" content=\"summary_large_image\" \/>\n<meta name=\"twitter:label1\" content=\"\u00c9crit par\" \/>\n\t<meta name=\"twitter:data1\" content=\"r\u00e9dacteur\" \/>\n<script type=\"application\/ld+json\" class=\"yoast-schema-graph\">{\"@context\":\"https:\/\/schema.org\",\"@graph\":[{\"@type\":\"NewsArticle\",\"@id\":\"https:\/\/actualites.publier74.org\/index.php\/3463\/video-reunion-publique-de-mi-mandat\/#article\",\"isPartOf\":{\"@id\":\"https:\/\/actualites.publier74.org\/index.php\/3463\/video-reunion-publique-de-mi-mandat\/\"},\"author\":{\"name\":\"r\u00e9dacteur\",\"@id\":\"https:\/\/actualites.publier74.org\/#\/schema\/person\/2d0b2c82e5d133d6a3f793ac5bc4d237\"},\"headline\":\"Vid\u00e9o : r\u00e9union publique de mi-mandat\",\"datePublished\":\"2023-02-01T08:59:37+00:00\",\"dateModified\":\"2023-12-08T10:57:42+00:00\",\"mainEntityOfPage\":{\"@id\":\"https:\/\/actualites.publier74.org\/index.php\/3463\/video-reunion-publique-de-mi-mandat\/\"},\"wordCount\":103,\"publisher\":{\"@id\":\"https:\/\/actualites.publier74.org\/#organization\"},\"articleSection\":[\"Toute l'Actualit\u00e9\"],\"inLanguage\":\"fr-FR\"},{\"@type\":\"WebPage\",\"@id\":\"https:\/\/actualites.publier74.org\/index.php\/3463\/video-reunion-publique-de-mi-mandat\/\",\"url\":\"https:\/\/actualites.publier74.org\/index.php\/3463\/video-reunion-publique-de-mi-mandat\/\",\"name\":\"Vid\u00e9o : r\u00e9union publique de mi-mandat - Publier Actualit\u00e9s\",\"isPartOf\":{\"@id\":\"https:\/\/actualites.publier74.org\/#website\"},\"datePublished\":\"2023-02-01T08:59:37+00:00\",\"dateModified\":\"2023-12-08T10:57:42+00:00\",\"description\":\"L'actualit\u00e9 en continue de la commune de Publier.\",\"breadcrumb\":{\"@id\":\"https:\/\/actualites.publier74.org\/index.php\/3463\/video-reunion-publique-de-mi-mandat\/#breadcrumb\"},\"inLanguage\":\"fr-FR\",\"potentialAction\":[{\"@type\":\"ReadAction\",\"target\":[\"https:\/\/actualites.publier74.org\/index.php\/3463\/video-reunion-publique-de-mi-mandat\/\"]}]},{\"@type\":\"BreadcrumbList\",\"@id\":\"https:\/\/actualites.publier74.org\/index.php\/3463\/video-reunion-publique-de-mi-mandat\/#breadcrumb\",\"itemListElement\":[{\"@type\":\"ListItem\",\"position\":1,\"name\":\"Accueil\",\"item\":\"https:\/\/actualites.publier74.org\/\"},{\"@type\":\"ListItem\",\"position\":2,\"name\":\"Vid\u00e9o : r\u00e9union publique de mi-mandat\"}]},{\"@type\":\"WebSite\",\"@id\":\"https:\/\/actualites.publier74.org\/#website\",\"url\":\"https:\/\/actualites.publier74.org\/\",\"name\":\"Publier Actualit\u00e9s\",\"description\":\"\",\"publisher\":{\"@id\":\"https:\/\/actualites.publier74.org\/#organization\"},\"potentialAction\":[{\"@type\":\"SearchAction\",\"target\":{\"@type\":\"EntryPoint\",\"urlTemplate\":\"https:\/\/actualites.publier74.org\/?s={search_term_string}\"},\"query-input\":\"required name=search_term_string\"}],\"inLanguage\":\"fr-FR\"},{\"@type\":\"Organization\",\"@id\":\"https:\/\/actualites.publier74.org\/#organization\",\"name\":\"Mairie\",\"url\":\"https:\/\/actualites.publier74.org\/\",\"logo\":{\"@type\":\"ImageObject\",\"inLanguage\":\"fr-FR\",\"@id\":\"https:\/\/actualites.publier74.org\/#\/schema\/logo\/image\/\",\"url\":\"https:\/\/actualites.publier74.org\/wp-content\/uploads\/2021\/07\/commerce_local.png\",\"contentUrl\":\"https:\/\/actualites.publier74.org\/wp-content\/uploads\/2021\/07\/commerce_local.png\",\"width\":411,\"height\":417,\"caption\":\"Mairie\"},\"image\":{\"@id\":\"https:\/\/actualites.publier74.org\/#\/schema\/logo\/image\/\"}},{\"@type\":\"Person\",\"@id\":\"https:\/\/actualites.publier74.org\/#\/schema\/person\/2d0b2c82e5d133d6a3f793ac5bc4d237\",\"name\":\"r\u00e9dacteur\",\"image\":{\"@type\":\"ImageObject\",\"inLanguage\":\"fr-FR\",\"@id\":\"https:\/\/actualites.publier74.org\/#\/schema\/person\/image\/\",\"url\":\"https:\/\/actualites.publier74.org\/wp-content\/uploads\/2022\/02\/DSCN8019-122x122.jpg\",\"contentUrl\":\"https:\/\/actualites.publier74.org\/wp-content\/uploads\/2022\/02\/DSCN8019-122x122.jpg\",\"caption\":\"r\u00e9dacteur\"},\"url\":\"https:\/\/actualites.publier74.org\/index.php\/author\/atmane\/\"}]}<\/script>\n<!-- \/ Yoast SEO plugin. -->","yoast_head_json":{"title":"Vid\u00e9o : r\u00e9union publique de mi-mandat - Publier Actualit\u00e9s","description":"L'actualit\u00e9 en continue de la commune de Publier.","robots":{"index":"index","follow":"follow","max-snippet":"max-snippet:-1","max-image-preview":"max-image-preview:large","max-video-preview":"max-video-preview:-1"},"canonical":"https:\/\/actualites.publier74.org\/index.php\/3463\/video-reunion-publique-de-mi-mandat\/","og_locale":"fr_FR","og_type":"article","og_title":"Vid\u00e9o : r\u00e9union publique de mi-mandat - Publier Actualit\u00e9s","og_description":"L'actualit\u00e9 en continue de la commune de Publier.","og_url":"https:\/\/actualites.publier74.org\/index.php\/3463\/video-reunion-publique-de-mi-mandat\/","og_site_name":"Publier Actualit\u00e9s","article_published_time":"2023-02-01T08:59:37+00:00","article_modified_time":"2023-12-08T10:57:42+00:00","og_image":[{"width":2560,"height":1140,"url":"https:\/\/actualites.publier74.org\/wp-content\/uploads\/2023\/02\/IMG_1201-scaled.jpg","type":"image\/jpeg"}],"author":"r\u00e9dacteur","twitter_card":"summary_large_image","twitter_misc":{"\u00c9crit par":"r\u00e9dacteur"},"schema":{"@context":"https:\/\/schema.org","@graph":[{"@type":"NewsArticle","@id":"https:\/\/actualites.publier74.org\/index.php\/3463\/video-reunion-publique-de-mi-mandat\/#article","isPartOf":{"@id":"https:\/\/actualites.publier74.org\/index.php\/3463\/video-reunion-publique-de-mi-mandat\/"},"author":{"name":"r\u00e9dacteur","@id":"https:\/\/actualites.publier74.org\/#\/schema\/person\/2d0b2c82e5d133d6a3f793ac5bc4d237"},"headline":"Vid\u00e9o : r\u00e9union publique de mi-mandat","datePublished":"2023-02-01T08:59:37+00:00","dateModified":"2023-12-08T10:57:42+00:00","mainEntityOfPage":{"@id":"https:\/\/actualites.publier74.org\/index.php\/3463\/video-reunion-publique-de-mi-mandat\/"},"wordCount":103,"publisher":{"@id":"https:\/\/actualites.publier74.org\/#organization"},"articleSection":["Toute l'Actualit\u00e9"],"inLanguage":"fr-FR"},{"@type":"WebPage","@id":"https:\/\/actualites.publier74.org\/index.php\/3463\/video-reunion-publique-de-mi-mandat\/","url":"https:\/\/actualites.publier74.org\/index.php\/3463\/video-reunion-publique-de-mi-mandat\/","name":"Vid\u00e9o : r\u00e9union publique de mi-mandat - Publier Actualit\u00e9s","isPartOf":{"@id":"https:\/\/actualites.publier74.org\/#website"},"datePublished":"2023-02-01T08:59:37+00:00","dateModified":"2023-12-08T10:57:42+00:00","description":"L'actualit\u00e9 en continue de la commune de Publier.","breadcrumb":{"@id":"https:\/\/actualites.publier74.org\/index.php\/3463\/video-reunion-publique-de-mi-mandat\/#breadcrumb"},"inLanguage":"fr-FR","potentialAction":[{"@type":"ReadAction","target":["https:\/\/actualites.publier74.org\/index.php\/3463\/video-reunion-publique-de-mi-mandat\/"]}]},{"@type":"BreadcrumbList","@id":"https:\/\/actualites.publier74.org\/index.php\/3463\/video-reunion-publique-de-mi-mandat\/#breadcrumb","itemListElement":[{"@type":"ListItem","position":1,"name":"Accueil","item":"https:\/\/actualites.publier74.org\/"},{"@type":"ListItem","position":2,"name":"Vid\u00e9o : r\u00e9union publique de mi-mandat"}]},{"@type":"WebSite","@id":"https:\/\/actualites.publier74.org\/#website","url":"https:\/\/actualites.publier74.org\/","name":"Publier Actualit\u00e9s","description":"","publisher":{"@id":"https:\/\/actualites.publier74.org\/#organization"},"potentialAction":[{"@type":"SearchAction","target":{"@type":"EntryPoint","urlTemplate":"https:\/\/actualites.publier74.org\/?s={search_term_string}"},"query-input":"required name=search_term_string"}],"inLanguage":"fr-FR"},{"@type":"Organization","@id":"https:\/\/actualites.publier74.org\/#organization","name":"Mairie","url":"https:\/\/actualites.publier74.org\/","logo":{"@type":"ImageObject","inLanguage":"fr-FR","@id":"https:\/\/actualites.publier74.org\/#\/schema\/logo\/image\/","url":"https:\/\/actualites.publier74.org\/wp-content\/uploads\/2021\/07\/commerce_local.png","contentUrl":"https:\/\/actualites.publier74.org\/wp-content\/uploads\/2021\/07\/commerce_local.png","width":411,"height":417,"caption":"Mairie"},"image":{"@id":"https:\/\/actualites.publier74.org\/#\/schema\/logo\/image\/"}},{"@type":"Person","@id":"https:\/\/actualites.publier74.org\/#\/schema\/person\/2d0b2c82e5d133d6a3f793ac5bc4d237","name":"r\u00e9dacteur","image":{"@type":"ImageObject","inLanguage":"fr-FR","@id":"https:\/\/actualites.publier74.org\/#\/schema\/person\/image\/","url":"https:\/\/actualites.publier74.org\/wp-content\/uploads\/2022\/02\/DSCN8019-122x122.jpg","contentUrl":"https:\/\/actualites.publier74.org\/wp-content\/uploads\/2022\/02\/DSCN8019-122x122.jpg","caption":"r\u00e9dacteur"},"url":"https:\/\/actualites.publier74.org\/index.php\/author\/atmane\/"}]}},"post_mailing_queue_ids":[],"_links":{"self":[{"href":"https:\/\/actualites.publier74.org\/index.php\/wp-json\/wp\/v2\/posts\/3463"}],"collection":[{"href":"https:\/\/actualites.publier74.org\/index.php\/wp-json\/wp\/v2\/posts"}],"about":[{"href":"https:\/\/actualites.publier74.org\/index.php\/wp-json\/wp\/v2\/types\/post"}],"author":[{"embeddable":true,"href":"https:\/\/actualites.publier74.org\/index.php\/wp-json\/wp\/v2\/users\/4"}],"replies":[{"embeddable":true,"href":"https:\/\/actualites.publier74.org\/index.php\/wp-json\/wp\/v2\/comments?post=3463"}],"version-history":[{"count":14,"href":"https:\/\/actualites.publier74.org\/index.php\/wp-json\/wp\/v2\/posts\/3463\/revisions"}],"predecessor-version":[{"id":3510,"href":"https:\/\/actualites.publier74.org\/index.php\/wp-json\/wp\/v2\/posts\/3463\/revisions\/3510"}],"wp:featuredmedia":[{"embeddable":true,"href":"https:\/\/actualites.publier74.org\/index.php\/wp-json\/wp\/v2\/media\/3464"}],"wp:attachment":[{"href":"https:\/\/actualites.publier74.org\/index.php\/wp-json\/wp\/v2\/media?parent=3463"}],"wp:term":[{"taxonomy":"category","embeddable":true,"href":"https:\/\/actualites.publier74.org\/index.php\/wp-json\/wp\/v2\/categories?post=3463"},{"taxonomy":"post_tag","embeddable":true,"href":"https:\/\/actualites.publier74.org\/index.php\/wp-json\/wp\/v2\/tags?post=3463"}],"curies":[{"name":"wp","href":"https:\/\/api.w.org\/{rel}","templated":true}]}}