{"id":3352,"date":"2022-12-01T15:07:16","date_gmt":"2022-12-01T14:07:16","guid":{"rendered":"https:\/\/actualites.publier74.org\/?p=3352"},"modified":"2023-05-23T09:58:17","modified_gmt":"2023-05-23T07:58:17","slug":"un-eclairage-economique-et-ecologique-pour-leglise","status":"publish","type":"post","link":"https:\/\/actualites.publier74.org\/index.php\/3352\/un-eclairage-economique-et-ecologique-pour-leglise\/","title":{"rendered":"Un \u00e9clairage \u00e9conomique et \u00e9cologique pour l&rsquo;\u00e9glise"},"content":{"rendered":"\t\t<div data-elementor-type=\"wp-post\" data-elementor-id=\"3352\" class=\"elementor elementor-3352\" data-elementor-settings=\"[]\">\n\t\t\t\t\t\t\t<div class=\"elementor-section-wrap\">\n\t\t\t\t\t\t\t<section class=\"elementor-section elementor-top-section elementor-element elementor-element-39a2417 elementor-section-boxed elementor-section-height-default elementor-section-height-default\" data-id=\"39a2417\" data-element_type=\"section\">\n\t\t\t\t\t\t<div class=\"elementor-container elementor-column-gap-default\">\n\t\t\t\t\t<div class=\"elementor-column elementor-col-100 elementor-top-column elementor-element elementor-element-a779e33\" data-id=\"a779e33\" data-element_type=\"column\">\n\t\t\t<div class=\"elementor-widget-wrap elementor-element-populated\">\n\t\t\t\t\t\t\t\t<div class=\"elementor-element elementor-element-315723f elementor-widget elementor-widget-text-editor\" data-id=\"315723f\" data-element_type=\"widget\" data-widget_type=\"text-editor.default\">\n\t\t\t\t<div class=\"elementor-widget-container\">\n\t\t\t<style>\/*! elementor - v3.5.6 - 28-02-2022 *\/\n.elementor-widget-text-editor.elementor-drop-cap-view-stacked .elementor-drop-cap{background-color:#818a91;color:#fff}.elementor-widget-text-editor.elementor-drop-cap-view-framed .elementor-drop-cap{color:#818a91;border:3px solid;background-color:transparent}.elementor-widget-text-editor:not(.elementor-drop-cap-view-default) .elementor-drop-cap{margin-top:8px}.elementor-widget-text-editor:not(.elementor-drop-cap-view-default) .elementor-drop-cap-letter{width:1em;height:1em}.elementor-widget-text-editor .elementor-drop-cap{float:left;text-align:center;line-height:1;font-size:50px}.elementor-widget-text-editor .elementor-drop-cap-letter{display:inline-block}<\/style>\t\t\t\t<p><strong>Avant l\u2019arriv\u00e9e de la traditionnelle cr\u00e8che de No\u00ebl, l\u2019\u00e9glise de Publier a connu trois jours de travaux pour renouveler l\u2019ensemble de son \u00e9clairage int\u00e9rieur.<\/strong> L\u2019intervention a permis de remplacer tous les luminaires compos\u00e9s d\u2019ampoules traditionnelles (lumi\u00e8res iodure-m\u00e9talliques et halog\u00e8nes) par des \u00e9clairages led (diodes \u00e9lectroluminescentes). Au total ce sont 71 points lumineux qui ont \u00e9t\u00e9 chang\u00e9s : 19 dans le choeur, 37 dans la nef, 8 pour les vitraux et 7 \u00e0 l\u2019entr\u00e9e.<\/p>\t\t\t\t\t\t<\/div>\n\t\t\t\t<\/div>\n\t\t\t\t\t<\/div>\n\t\t<\/div>\n\t\t\t\t\t\t\t<\/div>\n\t\t<\/section>\n\t\t\t\t<section class=\"elementor-section elementor-top-section elementor-element elementor-element-e6f2349 elementor-section-boxed elementor-section-height-default elementor-section-height-default\" data-id=\"e6f2349\" data-element_type=\"section\">\n\t\t\t\t\t\t<div class=\"elementor-container elementor-column-gap-default\">\n\t\t\t\t\t<div class=\"elementor-column elementor-col-100 elementor-top-column elementor-element elementor-element-b7e649a\" data-id=\"b7e649a\" data-element_type=\"column\">\n\t\t\t<div class=\"elementor-widget-wrap elementor-element-populated\">\n\t\t\t\t\t\t\t\t<div class=\"elementor-element elementor-element-5254666 elementor-widget elementor-widget-image\" data-id=\"5254666\" data-element_type=\"widget\" data-widget_type=\"image.default\">\n\t\t\t\t<div class=\"elementor-widget-container\">\n\t\t\t<style>\/*! elementor - v3.5.6 - 28-02-2022 *\/\n.elementor-widget-image{text-align:center}.elementor-widget-image a{display:inline-block}.elementor-widget-image a img[src$=\".svg\"]{width:48px}.elementor-widget-image img{vertical-align:middle;display:inline-block}<\/style>\t\t\t\t\t\t\t\t\t\t\t\t<img width=\"1024\" height=\"875\" src=\"https:\/\/actualites.publier74.org\/wp-content\/uploads\/2022\/12\/eglise-1024x875.jpg\" class=\"attachment-large size-large\" alt=\"\" loading=\"lazy\" srcset=\"https:\/\/actualites.publier74.org\/wp-content\/uploads\/2022\/12\/eglise-1024x875.jpg 1024w, https:\/\/actualites.publier74.org\/wp-content\/uploads\/2022\/12\/eglise-300x256.jpg 300w, https:\/\/actualites.publier74.org\/wp-content\/uploads\/2022\/12\/eglise-768x656.jpg 768w, https:\/\/actualites.publier74.org\/wp-content\/uploads\/2022\/12\/eglise-1536x1312.jpg 1536w, https:\/\/actualites.publier74.org\/wp-content\/uploads\/2022\/12\/eglise.jpg 1836w\" sizes=\"(max-width: 1024px) 100vw, 1024px\" \/>\t\t\t\t\t\t\t\t\t\t\t\t\t\t\t<\/div>\n\t\t\t\t<\/div>\n\t\t\t\t\t<\/div>\n\t\t<\/div>\n\t\t\t\t\t\t\t<\/div>\n\t\t<\/section>\n\t\t\t\t<section class=\"elementor-section elementor-top-section elementor-element elementor-element-ee3ffaf elementor-section-boxed elementor-section-height-default elementor-section-height-default\" data-id=\"ee3ffaf\" data-element_type=\"section\">\n\t\t\t\t\t\t<div class=\"elementor-container elementor-column-gap-default\">\n\t\t\t\t\t<div class=\"elementor-column elementor-col-100 elementor-top-column elementor-element elementor-element-6da1ad8\" data-id=\"6da1ad8\" data-element_type=\"column\">\n\t\t\t<div class=\"elementor-widget-wrap elementor-element-populated\">\n\t\t\t\t\t\t\t\t<div class=\"elementor-element elementor-element-cb1c7c6 elementor-widget elementor-widget-text-editor\" data-id=\"cb1c7c6\" data-element_type=\"widget\" data-widget_type=\"text-editor.default\">\n\t\t\t\t<div class=\"elementor-widget-container\">\n\t\t\t\t\t\t\t<p>Cette op\u00e9ration rentre dans le cadre du remplacement progressif des \u00e9clairages de la commune et int\u00e8gre le plan de r\u00e9duction de la consommation d\u2019\u00e9nergie pr\u00e9sent\u00e9e lors du conseil municipal du 28 novembre dernier. <strong>L\u2019utilisation de led permet d\u2019obtenir le m\u00eame flux lumineux pour une consommation d\u2019\u00e9lectricit\u00e9 8 \u00e0 10 fois inf\u00e9rieure. En outre, les led permettent d\u2019obtenir des gains sur les entretiens gr\u00e2ce \u00e0 leur dur\u00e9e de vie 3 \u00e0 4 fois plus longue que les \u00e9clairages ordinaires.<\/strong> De quoi r\u00e9aliser des \u00e9conomies sur les interventions en hauteur qui n\u00e9cessitent de mobiliser une nacelle en plus des heures de manutention.<br><\/p>\t\t\t\t\t\t<\/div>\n\t\t\t\t<\/div>\n\t\t\t\t\t<\/div>\n\t\t<\/div>\n\t\t\t\t\t\t\t<\/div>\n\t\t<\/section>\n\t\t\t\t<section class=\"elementor-section elementor-top-section elementor-element elementor-element-bf242f6 elementor-section-boxed elementor-section-height-default elementor-section-height-default\" data-id=\"bf242f6\" data-element_type=\"section\">\n\t\t\t\t\t\t<div class=\"elementor-container elementor-column-gap-default\">\n\t\t\t\t\t<div class=\"elementor-column elementor-col-50 elementor-top-column elementor-element elementor-element-7aadd24\" data-id=\"7aadd24\" data-element_type=\"column\">\n\t\t\t<div class=\"elementor-widget-wrap elementor-element-populated\">\n\t\t\t\t\t\t\t\t<div class=\"elementor-element elementor-element-553fb53 elementor-widget elementor-widget-image\" data-id=\"553fb53\" data-element_type=\"widget\" data-widget_type=\"image.default\">\n\t\t\t\t<div class=\"elementor-widget-container\">\n\t\t\t\t\t\t\t\t\t\t\t\t\t\t\t<img width=\"1024\" height=\"683\" src=\"https:\/\/actualites.publier74.org\/wp-content\/uploads\/2022\/12\/IMG_0720-1024x683.jpg\" class=\"attachment-large size-large\" alt=\"\" loading=\"lazy\" srcset=\"https:\/\/actualites.publier74.org\/wp-content\/uploads\/2022\/12\/IMG_0720-1024x683.jpg 1024w, https:\/\/actualites.publier74.org\/wp-content\/uploads\/2022\/12\/IMG_0720-300x200.jpg 300w, https:\/\/actualites.publier74.org\/wp-content\/uploads\/2022\/12\/IMG_0720-768x512.jpg 768w, https:\/\/actualites.publier74.org\/wp-content\/uploads\/2022\/12\/IMG_0720-1536x1024.jpg 1536w, https:\/\/actualites.publier74.org\/wp-content\/uploads\/2022\/12\/IMG_0720-2048x1365.jpg 2048w, https:\/\/actualites.publier74.org\/wp-content\/uploads\/2022\/12\/IMG_0720-650x434.jpg 650w, https:\/\/actualites.publier74.org\/wp-content\/uploads\/2022\/12\/IMG_0720-730x487.jpg 730w, https:\/\/actualites.publier74.org\/wp-content\/uploads\/2022\/12\/IMG_0720-112x75.jpg 112w, https:\/\/actualites.publier74.org\/wp-content\/uploads\/2022\/12\/IMG_0720-425x283.jpg 425w, https:\/\/actualites.publier74.org\/wp-content\/uploads\/2022\/12\/IMG_0720-430x287.jpg 430w\" sizes=\"(max-width: 1024px) 100vw, 1024px\" \/>\t\t\t\t\t\t\t\t\t\t\t\t\t\t\t<\/div>\n\t\t\t\t<\/div>\n\t\t\t\t\t<\/div>\n\t\t<\/div>\n\t\t\t\t<div class=\"elementor-column elementor-col-50 elementor-top-column elementor-element elementor-element-6dfe932\" data-id=\"6dfe932\" data-element_type=\"column\">\n\t\t\t<div class=\"elementor-widget-wrap elementor-element-populated\">\n\t\t\t\t\t\t\t\t<div class=\"elementor-element elementor-element-0dadf1c elementor-widget elementor-widget-image\" data-id=\"0dadf1c\" data-element_type=\"widget\" data-widget_type=\"image.default\">\n\t\t\t\t<div class=\"elementor-widget-container\">\n\t\t\t\t\t\t\t\t\t\t\t\t\t\t\t<img width=\"1024\" height=\"683\" src=\"https:\/\/actualites.publier74.org\/wp-content\/uploads\/2022\/12\/IMG_0717-1024x683.jpg\" class=\"attachment-large size-large\" alt=\"\" loading=\"lazy\" srcset=\"https:\/\/actualites.publier74.org\/wp-content\/uploads\/2022\/12\/IMG_0717-1024x683.jpg 1024w, https:\/\/actualites.publier74.org\/wp-content\/uploads\/2022\/12\/IMG_0717-300x200.jpg 300w, https:\/\/actualites.publier74.org\/wp-content\/uploads\/2022\/12\/IMG_0717-768x512.jpg 768w, https:\/\/actualites.publier74.org\/wp-content\/uploads\/2022\/12\/IMG_0717-1536x1024.jpg 1536w, https:\/\/actualites.publier74.org\/wp-content\/uploads\/2022\/12\/IMG_0717-2048x1365.jpg 2048w, https:\/\/actualites.publier74.org\/wp-content\/uploads\/2022\/12\/IMG_0717-650x434.jpg 650w, https:\/\/actualites.publier74.org\/wp-content\/uploads\/2022\/12\/IMG_0717-730x487.jpg 730w, https:\/\/actualites.publier74.org\/wp-content\/uploads\/2022\/12\/IMG_0717-112x75.jpg 112w, https:\/\/actualites.publier74.org\/wp-content\/uploads\/2022\/12\/IMG_0717-425x283.jpg 425w, https:\/\/actualites.publier74.org\/wp-content\/uploads\/2022\/12\/IMG_0717-430x287.jpg 430w\" sizes=\"(max-width: 1024px) 100vw, 1024px\" \/>\t\t\t\t\t\t\t\t\t\t\t\t\t\t\t<\/div>\n\t\t\t\t<\/div>\n\t\t\t\t\t<\/div>\n\t\t<\/div>\n\t\t\t\t\t\t\t<\/div>\n\t\t<\/section>\n\t\t\t\t<section class=\"elementor-section elementor-top-section elementor-element elementor-element-f4f5bd2 elementor-section-boxed elementor-section-height-default elementor-section-height-default\" data-id=\"f4f5bd2\" data-element_type=\"section\">\n\t\t\t\t\t\t<div class=\"elementor-container elementor-column-gap-default\">\n\t\t\t\t\t<div class=\"elementor-column elementor-col-100 elementor-top-column elementor-element elementor-element-2305a01\" data-id=\"2305a01\" data-element_type=\"column\">\n\t\t\t<div class=\"elementor-widget-wrap elementor-element-populated\">\n\t\t\t\t\t\t\t\t<div class=\"elementor-element elementor-element-8c26f30 elementor-widget elementor-widget-text-editor\" data-id=\"8c26f30\" data-element_type=\"widget\" data-widget_type=\"text-editor.default\">\n\t\t\t\t<div class=\"elementor-widget-container\">\n\t\t\t\t\t\t\t<p>Le montant de cette op\u00e9ration est estim\u00e9 \u00e0 19 000 euros ttc. L\u2019ext\u00e9rieur du b\u00e2timent est d\u00e9j\u00e0 \u00e9quip\u00e9 en led.<\/p>\t\t\t\t\t\t<\/div>\n\t\t\t\t<\/div>\n\t\t\t\t\t<\/div>\n\t\t<\/div>\n\t\t\t\t\t\t\t<\/div>\n\t\t<\/section>\n\t\t\t\t<section class=\"elementor-section elementor-top-section elementor-element elementor-element-4802ade elementor-section-boxed elementor-section-height-default elementor-section-height-default\" data-id=\"4802ade\" data-element_type=\"section\">\n\t\t\t\t\t\t<div class=\"elementor-container elementor-column-gap-default\">\n\t\t\t\t\t<div class=\"elementor-column elementor-col-50 elementor-top-column elementor-element elementor-element-3547e6e\" data-id=\"3547e6e\" data-element_type=\"column\">\n\t\t\t<div class=\"elementor-widget-wrap elementor-element-populated\">\n\t\t\t\t\t\t\t\t<div class=\"elementor-element elementor-element-53b76bf elementor-widget elementor-widget-text-editor\" data-id=\"53b76bf\" data-element_type=\"widget\" data-widget_type=\"text-editor.default\">\n\t\t\t\t<div class=\"elementor-widget-container\">\n\t\t\t\t\t\t\t<p>A noter que cet \u00e9t\u00e9 une autre intervention a eu lieu dans l\u2019\u00e9glise du chef-lieu. Marie-Dominique Bayle de l\u2019atelier vitrail du L\u00e9man a r\u00e9par\u00e9 un vitrail endommag\u00e9. Apr\u00e8s la d\u00e9pose et une centaine d\u2019heures de travail de restauration, le vitrail a retrouv\u00e9 sa place dans la nef. Compl\u00e9t\u00e9 par un diagnostic de l\u2019ensemble des gemmaux, cette op\u00e9ration a co\u00fbt\u00e9 3377 euros ht dont 80% (2700 euros) ont \u00e9t\u00e9 financ\u00e9s par une subvention du D\u00e9partement de Haute-Savoie. Du fait de son histoire, de sa culture issue de multiples influences, de son originalit\u00e9 paysag\u00e8re entre lacs et montages, et de sa position frontali\u00e8re, la Haute-Savoie dispose aujourd&rsquo;hui d&rsquo;atouts patrimoniaux remarquables. Le D\u00e9partement soutient l&rsquo;entretien et la valorisation de cet h\u00e9ritage patrimonial, historique et culturel qui fait la richesse des territoires haut-savoyards.<\/p>\t\t\t\t\t\t<\/div>\n\t\t\t\t<\/div>\n\t\t\t\t\t<\/div>\n\t\t<\/div>\n\t\t\t\t<div class=\"elementor-column elementor-col-50 elementor-top-column elementor-element elementor-element-9f56768\" data-id=\"9f56768\" data-element_type=\"column\">\n\t\t\t<div class=\"elementor-widget-wrap elementor-element-populated\">\n\t\t\t\t\t\t\t\t<div class=\"elementor-element elementor-element-eb0514c elementor-widget elementor-widget-image\" data-id=\"eb0514c\" data-element_type=\"widget\" data-widget_type=\"image.default\">\n\t\t\t\t<div class=\"elementor-widget-container\">\n\t\t\t\t\t\t\t\t\t\t\t\t\t\t\t<img width=\"1024\" height=\"683\" src=\"https:\/\/actualites.publier74.org\/wp-content\/uploads\/2022\/12\/vitrail-eglise-1024x683.jpg\" class=\"attachment-large size-large\" alt=\"\" loading=\"lazy\" srcset=\"https:\/\/actualites.publier74.org\/wp-content\/uploads\/2022\/12\/vitrail-eglise-1024x683.jpg 1024w, https:\/\/actualites.publier74.org\/wp-content\/uploads\/2022\/12\/vitrail-eglise-300x200.jpg 300w, https:\/\/actualites.publier74.org\/wp-content\/uploads\/2022\/12\/vitrail-eglise-768x512.jpg 768w, https:\/\/actualites.publier74.org\/wp-content\/uploads\/2022\/12\/vitrail-eglise-1536x1024.jpg 1536w, https:\/\/actualites.publier74.org\/wp-content\/uploads\/2022\/12\/vitrail-eglise-2048x1365.jpg 2048w, https:\/\/actualites.publier74.org\/wp-content\/uploads\/2022\/12\/vitrail-eglise-650x434.jpg 650w, https:\/\/actualites.publier74.org\/wp-content\/uploads\/2022\/12\/vitrail-eglise-730x487.jpg 730w, https:\/\/actualites.publier74.org\/wp-content\/uploads\/2022\/12\/vitrail-eglise-112x75.jpg 112w, https:\/\/actualites.publier74.org\/wp-content\/uploads\/2022\/12\/vitrail-eglise-425x283.jpg 425w, https:\/\/actualites.publier74.org\/wp-content\/uploads\/2022\/12\/vitrail-eglise-430x287.jpg 430w\" sizes=\"(max-width: 1024px) 100vw, 1024px\" \/>\t\t\t\t\t\t\t\t\t\t\t\t\t\t\t<\/div>\n\t\t\t\t<\/div>\n\t\t\t\t\t<\/div>\n\t\t<\/div>\n\t\t\t\t\t\t\t<\/div>\n\t\t<\/section>\n\t\t\t\t\t\t<\/div>\n\t\t\t\t\t<\/div>\n\t\t","protected":false},"excerpt":{"rendered":"<p class=\"text-justify mb-2\">Avant l\u2019arriv\u00e9e de la traditionnelle cr\u00e8che de No\u00ebl, l\u2019\u00e9glise de Publier a connu trois jours de travaux pour renouveler l\u2019ensemble [&hellip;]<\/p>\n","protected":false},"author":4,"featured_media":3353,"comment_status":"closed","ping_status":"open","sticky":false,"template":"","format":"standard","meta":[],"categories":[11,7],"tags":[],"yoast_head":"<!-- This site is optimized with the Yoast SEO plugin v20.6 - https:\/\/yoast.com\/wordpress\/plugins\/seo\/ -->\n<title>Un \u00e9clairage \u00e9conomique et \u00e9cologique pour l&#039;\u00e9glise - Publier Actualit\u00e9s<\/title>\n<meta name=\"description\" content=\"L&#039;actualit\u00e9 en continue de la commune de Publier.\" \/>\n<meta name=\"robots\" content=\"index, follow, max-snippet:-1, max-image-preview:large, max-video-preview:-1\" \/>\n<link rel=\"canonical\" href=\"https:\/\/actualites.publier74.org\/index.php\/3352\/un-eclairage-economique-et-ecologique-pour-leglise\/\" \/>\n<meta property=\"og:locale\" content=\"fr_FR\" \/>\n<meta property=\"og:type\" content=\"article\" \/>\n<meta property=\"og:title\" content=\"Un \u00e9clairage \u00e9conomique et \u00e9cologique pour l&#039;\u00e9glise - Publier Actualit\u00e9s\" \/>\n<meta property=\"og:description\" content=\"L&#039;actualit\u00e9 en continue de la commune de Publier.\" \/>\n<meta property=\"og:url\" content=\"https:\/\/actualites.publier74.org\/index.php\/3352\/un-eclairage-economique-et-ecologique-pour-leglise\/\" \/>\n<meta property=\"og:site_name\" content=\"Publier Actualit\u00e9s\" \/>\n<meta property=\"article:published_time\" content=\"2022-12-01T14:07:16+00:00\" \/>\n<meta property=\"article:modified_time\" content=\"2023-05-23T07:58:17+00:00\" \/>\n<meta property=\"og:image\" content=\"https:\/\/actualites.publier74.org\/wp-content\/uploads\/2022\/12\/eglise.jpg\" \/>\n\t<meta property=\"og:image:width\" content=\"1836\" \/>\n\t<meta property=\"og:image:height\" content=\"1568\" \/>\n\t<meta property=\"og:image:type\" content=\"image\/jpeg\" \/>\n<meta name=\"author\" content=\"r\u00e9dacteur\" \/>\n<meta name=\"twitter:card\" content=\"summary_large_image\" \/>\n<meta name=\"twitter:label1\" content=\"\u00c9crit par\" \/>\n\t<meta name=\"twitter:data1\" content=\"r\u00e9dacteur\" \/>\n\t<meta name=\"twitter:label2\" content=\"Dur\u00e9e de lecture estim\u00e9e\" \/>\n\t<meta name=\"twitter:data2\" content=\"2 minutes\" \/>\n<script type=\"application\/ld+json\" class=\"yoast-schema-graph\">{\"@context\":\"https:\/\/schema.org\",\"@graph\":[{\"@type\":\"NewsArticle\",\"@id\":\"https:\/\/actualites.publier74.org\/index.php\/3352\/un-eclairage-economique-et-ecologique-pour-leglise\/#article\",\"isPartOf\":{\"@id\":\"https:\/\/actualites.publier74.org\/index.php\/3352\/un-eclairage-economique-et-ecologique-pour-leglise\/\"},\"author\":{\"name\":\"r\u00e9dacteur\",\"@id\":\"https:\/\/actualites.publier74.org\/#\/schema\/person\/2d0b2c82e5d133d6a3f793ac5bc4d237\"},\"headline\":\"Un \u00e9clairage \u00e9conomique et \u00e9cologique pour l&rsquo;\u00e9glise\",\"datePublished\":\"2022-12-01T14:07:16+00:00\",\"dateModified\":\"2023-05-23T07:58:17+00:00\",\"mainEntityOfPage\":{\"@id\":\"https:\/\/actualites.publier74.org\/index.php\/3352\/un-eclairage-economique-et-ecologique-pour-leglise\/\"},\"wordCount\":366,\"publisher\":{\"@id\":\"https:\/\/actualites.publier74.org\/#organization\"},\"articleSection\":[\"Actualit\u00e9s R\u00e9centes\",\"Toute l'Actualit\u00e9\"],\"inLanguage\":\"fr-FR\"},{\"@type\":\"WebPage\",\"@id\":\"https:\/\/actualites.publier74.org\/index.php\/3352\/un-eclairage-economique-et-ecologique-pour-leglise\/\",\"url\":\"https:\/\/actualites.publier74.org\/index.php\/3352\/un-eclairage-economique-et-ecologique-pour-leglise\/\",\"name\":\"Un \u00e9clairage \u00e9conomique et \u00e9cologique pour l'\u00e9glise - Publier Actualit\u00e9s\",\"isPartOf\":{\"@id\":\"https:\/\/actualites.publier74.org\/#website\"},\"datePublished\":\"2022-12-01T14:07:16+00:00\",\"dateModified\":\"2023-05-23T07:58:17+00:00\",\"description\":\"L'actualit\u00e9 en continue de la commune de Publier.\",\"breadcrumb\":{\"@id\":\"https:\/\/actualites.publier74.org\/index.php\/3352\/un-eclairage-economique-et-ecologique-pour-leglise\/#breadcrumb\"},\"inLanguage\":\"fr-FR\",\"potentialAction\":[{\"@type\":\"ReadAction\",\"target\":[\"https:\/\/actualites.publier74.org\/index.php\/3352\/un-eclairage-economique-et-ecologique-pour-leglise\/\"]}]},{\"@type\":\"BreadcrumbList\",\"@id\":\"https:\/\/actualites.publier74.org\/index.php\/3352\/un-eclairage-economique-et-ecologique-pour-leglise\/#breadcrumb\",\"itemListElement\":[{\"@type\":\"ListItem\",\"position\":1,\"name\":\"Accueil\",\"item\":\"https:\/\/actualites.publier74.org\/\"},{\"@type\":\"ListItem\",\"position\":2,\"name\":\"Un \u00e9clairage \u00e9conomique et \u00e9cologique pour l&#8217;\u00e9glise\"}]},{\"@type\":\"WebSite\",\"@id\":\"https:\/\/actualites.publier74.org\/#website\",\"url\":\"https:\/\/actualites.publier74.org\/\",\"name\":\"Publier Actualit\u00e9s\",\"description\":\"\",\"publisher\":{\"@id\":\"https:\/\/actualites.publier74.org\/#organization\"},\"potentialAction\":[{\"@type\":\"SearchAction\",\"target\":{\"@type\":\"EntryPoint\",\"urlTemplate\":\"https:\/\/actualites.publier74.org\/?s={search_term_string}\"},\"query-input\":\"required name=search_term_string\"}],\"inLanguage\":\"fr-FR\"},{\"@type\":\"Organization\",\"@id\":\"https:\/\/actualites.publier74.org\/#organization\",\"name\":\"Mairie\",\"url\":\"https:\/\/actualites.publier74.org\/\",\"logo\":{\"@type\":\"ImageObject\",\"inLanguage\":\"fr-FR\",\"@id\":\"https:\/\/actualites.publier74.org\/#\/schema\/logo\/image\/\",\"url\":\"https:\/\/actualites.publier74.org\/wp-content\/uploads\/2021\/07\/commerce_local.png\",\"contentUrl\":\"https:\/\/actualites.publier74.org\/wp-content\/uploads\/2021\/07\/commerce_local.png\",\"width\":411,\"height\":417,\"caption\":\"Mairie\"},\"image\":{\"@id\":\"https:\/\/actualites.publier74.org\/#\/schema\/logo\/image\/\"}},{\"@type\":\"Person\",\"@id\":\"https:\/\/actualites.publier74.org\/#\/schema\/person\/2d0b2c82e5d133d6a3f793ac5bc4d237\",\"name\":\"r\u00e9dacteur\",\"image\":{\"@type\":\"ImageObject\",\"inLanguage\":\"fr-FR\",\"@id\":\"https:\/\/actualites.publier74.org\/#\/schema\/person\/image\/\",\"url\":\"https:\/\/actualites.publier74.org\/wp-content\/uploads\/2022\/02\/DSCN8019-122x122.jpg\",\"contentUrl\":\"https:\/\/actualites.publier74.org\/wp-content\/uploads\/2022\/02\/DSCN8019-122x122.jpg\",\"caption\":\"r\u00e9dacteur\"},\"url\":\"https:\/\/actualites.publier74.org\/index.php\/author\/atmane\/\"}]}<\/script>\n<!-- \/ Yoast SEO plugin. -->","yoast_head_json":{"title":"Un \u00e9clairage \u00e9conomique et \u00e9cologique pour l'\u00e9glise - Publier Actualit\u00e9s","description":"L'actualit\u00e9 en continue de la commune de Publier.","robots":{"index":"index","follow":"follow","max-snippet":"max-snippet:-1","max-image-preview":"max-image-preview:large","max-video-preview":"max-video-preview:-1"},"canonical":"https:\/\/actualites.publier74.org\/index.php\/3352\/un-eclairage-economique-et-ecologique-pour-leglise\/","og_locale":"fr_FR","og_type":"article","og_title":"Un \u00e9clairage \u00e9conomique et \u00e9cologique pour l'\u00e9glise - Publier Actualit\u00e9s","og_description":"L'actualit\u00e9 en continue de la commune de Publier.","og_url":"https:\/\/actualites.publier74.org\/index.php\/3352\/un-eclairage-economique-et-ecologique-pour-leglise\/","og_site_name":"Publier Actualit\u00e9s","article_published_time":"2022-12-01T14:07:16+00:00","article_modified_time":"2023-05-23T07:58:17+00:00","og_image":[{"width":1836,"height":1568,"url":"https:\/\/actualites.publier74.org\/wp-content\/uploads\/2022\/12\/eglise.jpg","type":"image\/jpeg"}],"author":"r\u00e9dacteur","twitter_card":"summary_large_image","twitter_misc":{"\u00c9crit par":"r\u00e9dacteur","Dur\u00e9e de lecture estim\u00e9e":"2 minutes"},"schema":{"@context":"https:\/\/schema.org","@graph":[{"@type":"NewsArticle","@id":"https:\/\/actualites.publier74.org\/index.php\/3352\/un-eclairage-economique-et-ecologique-pour-leglise\/#article","isPartOf":{"@id":"https:\/\/actualites.publier74.org\/index.php\/3352\/un-eclairage-economique-et-ecologique-pour-leglise\/"},"author":{"name":"r\u00e9dacteur","@id":"https:\/\/actualites.publier74.org\/#\/schema\/person\/2d0b2c82e5d133d6a3f793ac5bc4d237"},"headline":"Un \u00e9clairage \u00e9conomique et \u00e9cologique pour l&rsquo;\u00e9glise","datePublished":"2022-12-01T14:07:16+00:00","dateModified":"2023-05-23T07:58:17+00:00","mainEntityOfPage":{"@id":"https:\/\/actualites.publier74.org\/index.php\/3352\/un-eclairage-economique-et-ecologique-pour-leglise\/"},"wordCount":366,"publisher":{"@id":"https:\/\/actualites.publier74.org\/#organization"},"articleSection":["Actualit\u00e9s R\u00e9centes","Toute l'Actualit\u00e9"],"inLanguage":"fr-FR"},{"@type":"WebPage","@id":"https:\/\/actualites.publier74.org\/index.php\/3352\/un-eclairage-economique-et-ecologique-pour-leglise\/","url":"https:\/\/actualites.publier74.org\/index.php\/3352\/un-eclairage-economique-et-ecologique-pour-leglise\/","name":"Un \u00e9clairage \u00e9conomique et \u00e9cologique pour l'\u00e9glise - Publier Actualit\u00e9s","isPartOf":{"@id":"https:\/\/actualites.publier74.org\/#website"},"datePublished":"2022-12-01T14:07:16+00:00","dateModified":"2023-05-23T07:58:17+00:00","description":"L'actualit\u00e9 en continue de la commune de Publier.","breadcrumb":{"@id":"https:\/\/actualites.publier74.org\/index.php\/3352\/un-eclairage-economique-et-ecologique-pour-leglise\/#breadcrumb"},"inLanguage":"fr-FR","potentialAction":[{"@type":"ReadAction","target":["https:\/\/actualites.publier74.org\/index.php\/3352\/un-eclairage-economique-et-ecologique-pour-leglise\/"]}]},{"@type":"BreadcrumbList","@id":"https:\/\/actualites.publier74.org\/index.php\/3352\/un-eclairage-economique-et-ecologique-pour-leglise\/#breadcrumb","itemListElement":[{"@type":"ListItem","position":1,"name":"Accueil","item":"https:\/\/actualites.publier74.org\/"},{"@type":"ListItem","position":2,"name":"Un \u00e9clairage \u00e9conomique et \u00e9cologique pour l&#8217;\u00e9glise"}]},{"@type":"WebSite","@id":"https:\/\/actualites.publier74.org\/#website","url":"https:\/\/actualites.publier74.org\/","name":"Publier Actualit\u00e9s","description":"","publisher":{"@id":"https:\/\/actualites.publier74.org\/#organization"},"potentialAction":[{"@type":"SearchAction","target":{"@type":"EntryPoint","urlTemplate":"https:\/\/actualites.publier74.org\/?s={search_term_string}"},"query-input":"required name=search_term_string"}],"inLanguage":"fr-FR"},{"@type":"Organization","@id":"https:\/\/actualites.publier74.org\/#organization","name":"Mairie","url":"https:\/\/actualites.publier74.org\/","logo":{"@type":"ImageObject","inLanguage":"fr-FR","@id":"https:\/\/actualites.publier74.org\/#\/schema\/logo\/image\/","url":"https:\/\/actualites.publier74.org\/wp-content\/uploads\/2021\/07\/commerce_local.png","contentUrl":"https:\/\/actualites.publier74.org\/wp-content\/uploads\/2021\/07\/commerce_local.png","width":411,"height":417,"caption":"Mairie"},"image":{"@id":"https:\/\/actualites.publier74.org\/#\/schema\/logo\/image\/"}},{"@type":"Person","@id":"https:\/\/actualites.publier74.org\/#\/schema\/person\/2d0b2c82e5d133d6a3f793ac5bc4d237","name":"r\u00e9dacteur","image":{"@type":"ImageObject","inLanguage":"fr-FR","@id":"https:\/\/actualites.publier74.org\/#\/schema\/person\/image\/","url":"https:\/\/actualites.publier74.org\/wp-content\/uploads\/2022\/02\/DSCN8019-122x122.jpg","contentUrl":"https:\/\/actualites.publier74.org\/wp-content\/uploads\/2022\/02\/DSCN8019-122x122.jpg","caption":"r\u00e9dacteur"},"url":"https:\/\/actualites.publier74.org\/index.php\/author\/atmane\/"}]}},"post_mailing_queue_ids":[],"_links":{"self":[{"href":"https:\/\/actualites.publier74.org\/index.php\/wp-json\/wp\/v2\/posts\/3352"}],"collection":[{"href":"https:\/\/actualites.publier74.org\/index.php\/wp-json\/wp\/v2\/posts"}],"about":[{"href":"https:\/\/actualites.publier74.org\/index.php\/wp-json\/wp\/v2\/types\/post"}],"author":[{"embeddable":true,"href":"https:\/\/actualites.publier74.org\/index.php\/wp-json\/wp\/v2\/users\/4"}],"replies":[{"embeddable":true,"href":"https:\/\/actualites.publier74.org\/index.php\/wp-json\/wp\/v2\/comments?post=3352"}],"version-history":[{"count":16,"href":"https:\/\/actualites.publier74.org\/index.php\/wp-json\/wp\/v2\/posts\/3352\/revisions"}],"predecessor-version":[{"id":3391,"href":"https:\/\/actualites.publier74.org\/index.php\/wp-json\/wp\/v2\/posts\/3352\/revisions\/3391"}],"wp:featuredmedia":[{"embeddable":true,"href":"https:\/\/actualites.publier74.org\/index.php\/wp-json\/wp\/v2\/media\/3353"}],"wp:attachment":[{"href":"https:\/\/actualites.publier74.org\/index.php\/wp-json\/wp\/v2\/media?parent=3352"}],"wp:term":[{"taxonomy":"category","embeddable":true,"href":"https:\/\/actualites.publier74.org\/index.php\/wp-json\/wp\/v2\/categories?post=3352"},{"taxonomy":"post_tag","embeddable":true,"href":"https:\/\/actualites.publier74.org\/index.php\/wp-json\/wp\/v2\/tags?post=3352"}],"curies":[{"name":"wp","href":"https:\/\/api.w.org\/{rel}","templated":true}]}}