{"id":3269,"date":"2022-10-13T09:15:56","date_gmt":"2022-10-13T07:15:56","guid":{"rendered":"https:\/\/actualites.publier74.org\/?p=3269"},"modified":"2022-10-18T12:03:29","modified_gmt":"2022-10-18T10:03:29","slug":"ecoles-une-semaine-du-gout-vitaminee","status":"publish","type":"post","link":"https:\/\/actualites.publier74.org\/index.php\/3269\/ecoles-une-semaine-du-gout-vitaminee\/","title":{"rendered":"\u00c9coles\u00a0: une semaine du go\u00fbt vitamin\u00e9e"},"content":{"rendered":"\t\t<div data-elementor-type=\"wp-post\" data-elementor-id=\"3269\" class=\"elementor elementor-3269\" data-elementor-settings=\"[]\">\n\t\t\t\t\t\t\t<div class=\"elementor-section-wrap\">\n\t\t\t\t\t\t\t<section class=\"elementor-section elementor-top-section elementor-element elementor-element-ff054fc elementor-section-boxed elementor-section-height-default elementor-section-height-default\" data-id=\"ff054fc\" data-element_type=\"section\">\n\t\t\t\t\t\t<div class=\"elementor-container elementor-column-gap-default\">\n\t\t\t\t\t<div class=\"elementor-column elementor-col-100 elementor-top-column elementor-element elementor-element-b94521a\" data-id=\"b94521a\" data-element_type=\"column\">\n\t\t\t<div class=\"elementor-widget-wrap elementor-element-populated\">\n\t\t\t\t\t\t\t\t<div class=\"elementor-element elementor-element-dadfdea elementor-widget elementor-widget-text-editor\" data-id=\"dadfdea\" data-element_type=\"widget\" data-widget_type=\"text-editor.default\">\n\t\t\t\t<div class=\"elementor-widget-container\">\n\t\t\t<style>\/*! elementor - v3.5.6 - 28-02-2022 *\/\n.elementor-widget-text-editor.elementor-drop-cap-view-stacked .elementor-drop-cap{background-color:#818a91;color:#fff}.elementor-widget-text-editor.elementor-drop-cap-view-framed .elementor-drop-cap{color:#818a91;border:3px solid;background-color:transparent}.elementor-widget-text-editor:not(.elementor-drop-cap-view-default) .elementor-drop-cap{margin-top:8px}.elementor-widget-text-editor:not(.elementor-drop-cap-view-default) .elementor-drop-cap-letter{width:1em;height:1em}.elementor-widget-text-editor .elementor-drop-cap{float:left;text-align:center;line-height:1;font-size:50px}.elementor-widget-text-editor .elementor-drop-cap-letter{display:inline-block}<\/style>\t\t\t\t<p>Organis\u00e9e \u00e0 l\u2019\u00e9chelle nationale, la semaine du go\u00fbt du 10 au 14 octobre se d\u00e9cline aussi dans les \u00e9coles de Publier. La commune a pu compter sur le soutien de la grande surface Cora qui a organis\u00e9 une op\u00e9ration d\u00e9di\u00e9e le premier week-end de septembre\u00a0: \u00e0 chaque passage en caisse d\u2019un minimum de 50 euros, un fruit \u00e9tait offert aux \u00e9coles. Une partie des 700 kilos collect\u00e9s ont \u00e9t\u00e9 remis \u00e0 toutes les classes des trois groupes scolaires de la commune le mardi 11 octobre au petit matin. Les cagettes contenaient principalement des fruits de saison (pommes, poires, raisin, etc) et d\u2019autres plus exotiques comme des ananas. \u00ab\u00a0L\u2019id\u00e9e c\u2019est d\u2019offrir la possibilit\u00e9 aux enfants de d\u00e9couvrir les diff\u00e9rentes saveurs avec par exemple la comparaison en plusieurs vari\u00e9t\u00e9s de pommes\u00a0\u00bb souligne Christophe Naegelin, le directeur de l\u2019enseigne. Un projet qui ravit l\u2019adjointe aux affaires scolaires Alexia Lerouyer.<\/p>\t\t\t\t\t\t<\/div>\n\t\t\t\t<\/div>\n\t\t\t\t\t<\/div>\n\t\t<\/div>\n\t\t\t\t\t\t\t<\/div>\n\t\t<\/section>\n\t\t\t\t<section class=\"elementor-section elementor-top-section elementor-element elementor-element-e968445 elementor-section-boxed elementor-section-height-default elementor-section-height-default\" data-id=\"e968445\" data-element_type=\"section\">\n\t\t\t\t\t\t<div class=\"elementor-container elementor-column-gap-default\">\n\t\t\t\t\t<div class=\"elementor-column elementor-col-100 elementor-top-column elementor-element elementor-element-48512da\" data-id=\"48512da\" data-element_type=\"column\">\n\t\t\t<div class=\"elementor-widget-wrap elementor-element-populated\">\n\t\t\t\t\t\t\t\t<div class=\"elementor-element elementor-element-8fc90b8 elementor-widget elementor-widget-image\" data-id=\"8fc90b8\" data-element_type=\"widget\" data-widget_type=\"image.default\">\n\t\t\t\t<div class=\"elementor-widget-container\">\n\t\t\t<style>\/*! elementor - v3.5.6 - 28-02-2022 *\/\n.elementor-widget-image{text-align:center}.elementor-widget-image a{display:inline-block}.elementor-widget-image a img[src$=\".svg\"]{width:48px}.elementor-widget-image img{vertical-align:middle;display:inline-block}<\/style>\t\t\t\t\t\t\t\t\t<figure class=\"wp-caption\">\n\t\t\t\t\t\t\t\t\t\t<img width=\"1024\" height=\"683\" src=\"https:\/\/actualites.publier74.org\/wp-content\/uploads\/2022\/10\/IMG_0391-1024x683.jpg\" class=\"attachment-large size-large\" alt=\"\" loading=\"lazy\" srcset=\"https:\/\/actualites.publier74.org\/wp-content\/uploads\/2022\/10\/IMG_0391-1024x683.jpg 1024w, https:\/\/actualites.publier74.org\/wp-content\/uploads\/2022\/10\/IMG_0391-300x200.jpg 300w, https:\/\/actualites.publier74.org\/wp-content\/uploads\/2022\/10\/IMG_0391-768x512.jpg 768w, https:\/\/actualites.publier74.org\/wp-content\/uploads\/2022\/10\/IMG_0391-1536x1024.jpg 1536w, https:\/\/actualites.publier74.org\/wp-content\/uploads\/2022\/10\/IMG_0391-2048x1365.jpg 2048w, https:\/\/actualites.publier74.org\/wp-content\/uploads\/2022\/10\/IMG_0391-650x434.jpg 650w, https:\/\/actualites.publier74.org\/wp-content\/uploads\/2022\/10\/IMG_0391-730x487.jpg 730w, https:\/\/actualites.publier74.org\/wp-content\/uploads\/2022\/10\/IMG_0391-112x75.jpg 112w, https:\/\/actualites.publier74.org\/wp-content\/uploads\/2022\/10\/IMG_0391-425x283.jpg 425w, https:\/\/actualites.publier74.org\/wp-content\/uploads\/2022\/10\/IMG_0391-430x287.jpg 430w\" sizes=\"(max-width: 1024px) 100vw, 1024px\" \/>\t\t\t\t\t\t\t\t\t\t\t<figcaption class=\"widget-image-caption wp-caption-text\">Christophe Naegelin et Alexia Lerouyer<\/figcaption>\n\t\t\t\t\t\t\t\t\t\t<\/figure>\n\t\t\t\t\t\t\t\t\t<\/div>\n\t\t\t\t<\/div>\n\t\t\t\t\t<\/div>\n\t\t<\/div>\n\t\t\t\t\t\t\t<\/div>\n\t\t<\/section>\n\t\t\t\t<section class=\"elementor-section elementor-top-section elementor-element elementor-element-da1486b elementor-section-boxed elementor-section-height-default elementor-section-height-default\" data-id=\"da1486b\" data-element_type=\"section\">\n\t\t\t\t\t\t<div class=\"elementor-container elementor-column-gap-default\">\n\t\t\t\t\t<div class=\"elementor-column elementor-col-100 elementor-top-column elementor-element elementor-element-eccf5bc\" data-id=\"eccf5bc\" data-element_type=\"column\">\n\t\t\t<div class=\"elementor-widget-wrap elementor-element-populated\">\n\t\t\t\t\t\t\t\t<div class=\"elementor-element elementor-element-71cb2f9 elementor-widget elementor-widget-text-editor\" data-id=\"71cb2f9\" data-element_type=\"widget\" data-widget_type=\"text-editor.default\">\n\t\t\t\t<div class=\"elementor-widget-container\">\n\t\t\t\t\t\t\t<p>Chaque enseignant a r\u00e9cup\u00e9r\u00e9 son lot et organis\u00e9 au sein de sa classe des ateliers. L\u2019occasion pour les enfants de travailler le go\u00fbt et tout le champ lexical (noms, couleurs, saveurs, textures, etc) li\u00e9 \u00e0 l\u2019alimentation. Cette op\u00e9ration sera renouvel\u00e9e en mai avec des fruits d\u2019\u00e9t\u00e9.<\/p>\t\t\t\t\t\t<\/div>\n\t\t\t\t<\/div>\n\t\t\t\t\t<\/div>\n\t\t<\/div>\n\t\t\t\t\t\t\t<\/div>\n\t\t<\/section>\n\t\t\t\t\t\t<\/div>\n\t\t\t\t\t<\/div>\n\t\t","protected":false},"excerpt":{"rendered":"<p class=\"text-justify mb-2\">Organis\u00e9e \u00e0 l\u2019\u00e9chelle nationale, la semaine du go\u00fbt du 10 au 14 octobre se d\u00e9cline aussi dans les \u00e9coles de [&hellip;]<\/p>\n","protected":false},"author":4,"featured_media":3271,"comment_status":"closed","ping_status":"open","sticky":false,"template":"","format":"standard","meta":[],"categories":[11,7],"tags":[],"yoast_head":"<!-- This site is optimized with the Yoast SEO plugin v20.6 - https:\/\/yoast.com\/wordpress\/plugins\/seo\/ -->\n<title>\u00c9coles\u00a0: une semaine du go\u00fbt vitamin\u00e9e - Publier Actualit\u00e9s<\/title>\n<meta name=\"description\" content=\"L&#039;actualit\u00e9 en continue de la commune de Publier.\" \/>\n<meta name=\"robots\" content=\"index, follow, max-snippet:-1, max-image-preview:large, max-video-preview:-1\" \/>\n<link rel=\"canonical\" href=\"https:\/\/actualites.publier74.org\/index.php\/3269\/ecoles-une-semaine-du-gout-vitaminee\/\" \/>\n<meta property=\"og:locale\" content=\"fr_FR\" \/>\n<meta property=\"og:type\" content=\"article\" \/>\n<meta property=\"og:title\" content=\"\u00c9coles\u00a0: une semaine du go\u00fbt vitamin\u00e9e - Publier Actualit\u00e9s\" \/>\n<meta property=\"og:description\" content=\"L&#039;actualit\u00e9 en continue de la commune de Publier.\" \/>\n<meta property=\"og:url\" content=\"https:\/\/actualites.publier74.org\/index.php\/3269\/ecoles-une-semaine-du-gout-vitaminee\/\" \/>\n<meta property=\"og:site_name\" content=\"Publier Actualit\u00e9s\" \/>\n<meta property=\"article:published_time\" content=\"2022-10-13T07:15:56+00:00\" \/>\n<meta property=\"article:modified_time\" content=\"2022-10-18T10:03:29+00:00\" \/>\n<meta property=\"og:image\" content=\"https:\/\/actualites.publier74.org\/wp-content\/uploads\/2022\/10\/IMG_0391-scaled.jpg\" \/>\n\t<meta property=\"og:image:width\" content=\"2560\" \/>\n\t<meta property=\"og:image:height\" content=\"1707\" \/>\n\t<meta property=\"og:image:type\" content=\"image\/jpeg\" \/>\n<meta name=\"author\" content=\"r\u00e9dacteur\" \/>\n<meta name=\"twitter:card\" content=\"summary_large_image\" \/>\n<meta name=\"twitter:label1\" content=\"\u00c9crit par\" \/>\n\t<meta name=\"twitter:data1\" content=\"r\u00e9dacteur\" \/>\n\t<meta name=\"twitter:label2\" content=\"Dur\u00e9e de lecture estim\u00e9e\" \/>\n\t<meta name=\"twitter:data2\" content=\"1 minute\" \/>\n<script type=\"application\/ld+json\" class=\"yoast-schema-graph\">{\"@context\":\"https:\/\/schema.org\",\"@graph\":[{\"@type\":\"NewsArticle\",\"@id\":\"https:\/\/actualites.publier74.org\/index.php\/3269\/ecoles-une-semaine-du-gout-vitaminee\/#article\",\"isPartOf\":{\"@id\":\"https:\/\/actualites.publier74.org\/index.php\/3269\/ecoles-une-semaine-du-gout-vitaminee\/\"},\"author\":{\"name\":\"r\u00e9dacteur\",\"@id\":\"https:\/\/actualites.publier74.org\/#\/schema\/person\/2d0b2c82e5d133d6a3f793ac5bc4d237\"},\"headline\":\"\u00c9coles\u00a0: une semaine du go\u00fbt vitamin\u00e9e\",\"datePublished\":\"2022-10-13T07:15:56+00:00\",\"dateModified\":\"2022-10-18T10:03:29+00:00\",\"mainEntityOfPage\":{\"@id\":\"https:\/\/actualites.publier74.org\/index.php\/3269\/ecoles-une-semaine-du-gout-vitaminee\/\"},\"wordCount\":227,\"publisher\":{\"@id\":\"https:\/\/actualites.publier74.org\/#organization\"},\"articleSection\":[\"Actualit\u00e9s R\u00e9centes\",\"Toute l'Actualit\u00e9\"],\"inLanguage\":\"fr-FR\"},{\"@type\":\"WebPage\",\"@id\":\"https:\/\/actualites.publier74.org\/index.php\/3269\/ecoles-une-semaine-du-gout-vitaminee\/\",\"url\":\"https:\/\/actualites.publier74.org\/index.php\/3269\/ecoles-une-semaine-du-gout-vitaminee\/\",\"name\":\"\u00c9coles\u00a0: une semaine du go\u00fbt vitamin\u00e9e - Publier Actualit\u00e9s\",\"isPartOf\":{\"@id\":\"https:\/\/actualites.publier74.org\/#website\"},\"datePublished\":\"2022-10-13T07:15:56+00:00\",\"dateModified\":\"2022-10-18T10:03:29+00:00\",\"description\":\"L'actualit\u00e9 en continue de la commune de Publier.\",\"breadcrumb\":{\"@id\":\"https:\/\/actualites.publier74.org\/index.php\/3269\/ecoles-une-semaine-du-gout-vitaminee\/#breadcrumb\"},\"inLanguage\":\"fr-FR\",\"potentialAction\":[{\"@type\":\"ReadAction\",\"target\":[\"https:\/\/actualites.publier74.org\/index.php\/3269\/ecoles-une-semaine-du-gout-vitaminee\/\"]}]},{\"@type\":\"BreadcrumbList\",\"@id\":\"https:\/\/actualites.publier74.org\/index.php\/3269\/ecoles-une-semaine-du-gout-vitaminee\/#breadcrumb\",\"itemListElement\":[{\"@type\":\"ListItem\",\"position\":1,\"name\":\"Accueil\",\"item\":\"https:\/\/actualites.publier74.org\/\"},{\"@type\":\"ListItem\",\"position\":2,\"name\":\"\u00c9coles\u00a0: une semaine du go\u00fbt vitamin\u00e9e\"}]},{\"@type\":\"WebSite\",\"@id\":\"https:\/\/actualites.publier74.org\/#website\",\"url\":\"https:\/\/actualites.publier74.org\/\",\"name\":\"Publier Actualit\u00e9s\",\"description\":\"\",\"publisher\":{\"@id\":\"https:\/\/actualites.publier74.org\/#organization\"},\"potentialAction\":[{\"@type\":\"SearchAction\",\"target\":{\"@type\":\"EntryPoint\",\"urlTemplate\":\"https:\/\/actualites.publier74.org\/?s={search_term_string}\"},\"query-input\":\"required name=search_term_string\"}],\"inLanguage\":\"fr-FR\"},{\"@type\":\"Organization\",\"@id\":\"https:\/\/actualites.publier74.org\/#organization\",\"name\":\"Mairie\",\"url\":\"https:\/\/actualites.publier74.org\/\",\"logo\":{\"@type\":\"ImageObject\",\"inLanguage\":\"fr-FR\",\"@id\":\"https:\/\/actualites.publier74.org\/#\/schema\/logo\/image\/\",\"url\":\"https:\/\/actualites.publier74.org\/wp-content\/uploads\/2021\/07\/commerce_local.png\",\"contentUrl\":\"https:\/\/actualites.publier74.org\/wp-content\/uploads\/2021\/07\/commerce_local.png\",\"width\":411,\"height\":417,\"caption\":\"Mairie\"},\"image\":{\"@id\":\"https:\/\/actualites.publier74.org\/#\/schema\/logo\/image\/\"}},{\"@type\":\"Person\",\"@id\":\"https:\/\/actualites.publier74.org\/#\/schema\/person\/2d0b2c82e5d133d6a3f793ac5bc4d237\",\"name\":\"r\u00e9dacteur\",\"image\":{\"@type\":\"ImageObject\",\"inLanguage\":\"fr-FR\",\"@id\":\"https:\/\/actualites.publier74.org\/#\/schema\/person\/image\/\",\"url\":\"https:\/\/actualites.publier74.org\/wp-content\/uploads\/2022\/02\/DSCN8019-122x122.jpg\",\"contentUrl\":\"https:\/\/actualites.publier74.org\/wp-content\/uploads\/2022\/02\/DSCN8019-122x122.jpg\",\"caption\":\"r\u00e9dacteur\"},\"url\":\"https:\/\/actualites.publier74.org\/index.php\/author\/atmane\/\"}]}<\/script>\n<!-- \/ Yoast SEO plugin. -->","yoast_head_json":{"title":"\u00c9coles\u00a0: une semaine du go\u00fbt vitamin\u00e9e - Publier Actualit\u00e9s","description":"L'actualit\u00e9 en continue de la commune de Publier.","robots":{"index":"index","follow":"follow","max-snippet":"max-snippet:-1","max-image-preview":"max-image-preview:large","max-video-preview":"max-video-preview:-1"},"canonical":"https:\/\/actualites.publier74.org\/index.php\/3269\/ecoles-une-semaine-du-gout-vitaminee\/","og_locale":"fr_FR","og_type":"article","og_title":"\u00c9coles\u00a0: une semaine du go\u00fbt vitamin\u00e9e - Publier Actualit\u00e9s","og_description":"L'actualit\u00e9 en continue de la commune de Publier.","og_url":"https:\/\/actualites.publier74.org\/index.php\/3269\/ecoles-une-semaine-du-gout-vitaminee\/","og_site_name":"Publier Actualit\u00e9s","article_published_time":"2022-10-13T07:15:56+00:00","article_modified_time":"2022-10-18T10:03:29+00:00","og_image":[{"width":2560,"height":1707,"url":"https:\/\/actualites.publier74.org\/wp-content\/uploads\/2022\/10\/IMG_0391-scaled.jpg","type":"image\/jpeg"}],"author":"r\u00e9dacteur","twitter_card":"summary_large_image","twitter_misc":{"\u00c9crit par":"r\u00e9dacteur","Dur\u00e9e de lecture estim\u00e9e":"1 minute"},"schema":{"@context":"https:\/\/schema.org","@graph":[{"@type":"NewsArticle","@id":"https:\/\/actualites.publier74.org\/index.php\/3269\/ecoles-une-semaine-du-gout-vitaminee\/#article","isPartOf":{"@id":"https:\/\/actualites.publier74.org\/index.php\/3269\/ecoles-une-semaine-du-gout-vitaminee\/"},"author":{"name":"r\u00e9dacteur","@id":"https:\/\/actualites.publier74.org\/#\/schema\/person\/2d0b2c82e5d133d6a3f793ac5bc4d237"},"headline":"\u00c9coles\u00a0: une semaine du go\u00fbt vitamin\u00e9e","datePublished":"2022-10-13T07:15:56+00:00","dateModified":"2022-10-18T10:03:29+00:00","mainEntityOfPage":{"@id":"https:\/\/actualites.publier74.org\/index.php\/3269\/ecoles-une-semaine-du-gout-vitaminee\/"},"wordCount":227,"publisher":{"@id":"https:\/\/actualites.publier74.org\/#organization"},"articleSection":["Actualit\u00e9s R\u00e9centes","Toute l'Actualit\u00e9"],"inLanguage":"fr-FR"},{"@type":"WebPage","@id":"https:\/\/actualites.publier74.org\/index.php\/3269\/ecoles-une-semaine-du-gout-vitaminee\/","url":"https:\/\/actualites.publier74.org\/index.php\/3269\/ecoles-une-semaine-du-gout-vitaminee\/","name":"\u00c9coles\u00a0: une semaine du go\u00fbt vitamin\u00e9e - Publier Actualit\u00e9s","isPartOf":{"@id":"https:\/\/actualites.publier74.org\/#website"},"datePublished":"2022-10-13T07:15:56+00:00","dateModified":"2022-10-18T10:03:29+00:00","description":"L'actualit\u00e9 en continue de la commune de Publier.","breadcrumb":{"@id":"https:\/\/actualites.publier74.org\/index.php\/3269\/ecoles-une-semaine-du-gout-vitaminee\/#breadcrumb"},"inLanguage":"fr-FR","potentialAction":[{"@type":"ReadAction","target":["https:\/\/actualites.publier74.org\/index.php\/3269\/ecoles-une-semaine-du-gout-vitaminee\/"]}]},{"@type":"BreadcrumbList","@id":"https:\/\/actualites.publier74.org\/index.php\/3269\/ecoles-une-semaine-du-gout-vitaminee\/#breadcrumb","itemListElement":[{"@type":"ListItem","position":1,"name":"Accueil","item":"https:\/\/actualites.publier74.org\/"},{"@type":"ListItem","position":2,"name":"\u00c9coles\u00a0: une semaine du go\u00fbt vitamin\u00e9e"}]},{"@type":"WebSite","@id":"https:\/\/actualites.publier74.org\/#website","url":"https:\/\/actualites.publier74.org\/","name":"Publier Actualit\u00e9s","description":"","publisher":{"@id":"https:\/\/actualites.publier74.org\/#organization"},"potentialAction":[{"@type":"SearchAction","target":{"@type":"EntryPoint","urlTemplate":"https:\/\/actualites.publier74.org\/?s={search_term_string}"},"query-input":"required name=search_term_string"}],"inLanguage":"fr-FR"},{"@type":"Organization","@id":"https:\/\/actualites.publier74.org\/#organization","name":"Mairie","url":"https:\/\/actualites.publier74.org\/","logo":{"@type":"ImageObject","inLanguage":"fr-FR","@id":"https:\/\/actualites.publier74.org\/#\/schema\/logo\/image\/","url":"https:\/\/actualites.publier74.org\/wp-content\/uploads\/2021\/07\/commerce_local.png","contentUrl":"https:\/\/actualites.publier74.org\/wp-content\/uploads\/2021\/07\/commerce_local.png","width":411,"height":417,"caption":"Mairie"},"image":{"@id":"https:\/\/actualites.publier74.org\/#\/schema\/logo\/image\/"}},{"@type":"Person","@id":"https:\/\/actualites.publier74.org\/#\/schema\/person\/2d0b2c82e5d133d6a3f793ac5bc4d237","name":"r\u00e9dacteur","image":{"@type":"ImageObject","inLanguage":"fr-FR","@id":"https:\/\/actualites.publier74.org\/#\/schema\/person\/image\/","url":"https:\/\/actualites.publier74.org\/wp-content\/uploads\/2022\/02\/DSCN8019-122x122.jpg","contentUrl":"https:\/\/actualites.publier74.org\/wp-content\/uploads\/2022\/02\/DSCN8019-122x122.jpg","caption":"r\u00e9dacteur"},"url":"https:\/\/actualites.publier74.org\/index.php\/author\/atmane\/"}]}},"post_mailing_queue_ids":[],"_links":{"self":[{"href":"https:\/\/actualites.publier74.org\/index.php\/wp-json\/wp\/v2\/posts\/3269"}],"collection":[{"href":"https:\/\/actualites.publier74.org\/index.php\/wp-json\/wp\/v2\/posts"}],"about":[{"href":"https:\/\/actualites.publier74.org\/index.php\/wp-json\/wp\/v2\/types\/post"}],"author":[{"embeddable":true,"href":"https:\/\/actualites.publier74.org\/index.php\/wp-json\/wp\/v2\/users\/4"}],"replies":[{"embeddable":true,"href":"https:\/\/actualites.publier74.org\/index.php\/wp-json\/wp\/v2\/comments?post=3269"}],"version-history":[{"count":8,"href":"https:\/\/actualites.publier74.org\/index.php\/wp-json\/wp\/v2\/posts\/3269\/revisions"}],"predecessor-version":[{"id":3295,"href":"https:\/\/actualites.publier74.org\/index.php\/wp-json\/wp\/v2\/posts\/3269\/revisions\/3295"}],"wp:featuredmedia":[{"embeddable":true,"href":"https:\/\/actualites.publier74.org\/index.php\/wp-json\/wp\/v2\/media\/3271"}],"wp:attachment":[{"href":"https:\/\/actualites.publier74.org\/index.php\/wp-json\/wp\/v2\/media?parent=3269"}],"wp:term":[{"taxonomy":"category","embeddable":true,"href":"https:\/\/actualites.publier74.org\/index.php\/wp-json\/wp\/v2\/categories?post=3269"},{"taxonomy":"post_tag","embeddable":true,"href":"https:\/\/actualites.publier74.org\/index.php\/wp-json\/wp\/v2\/tags?post=3269"}],"curies":[{"name":"wp","href":"https:\/\/api.w.org\/{rel}","templated":true}]}}